{"id":29569,"date":"2026-04-28T14:56:02","date_gmt":"2026-04-28T21:56:02","guid":{"rendered":"https:\/\/elreporterodelacomunidad.com\/?p=29569"},"modified":"2026-04-28T14:56:06","modified_gmt":"2026-04-28T21:56:06","slug":"morena-sonora-fortalece-estructura-territorial-y-llama-a-atender-situacion-financiera-de-hermosillo","status":"publish","type":"post","link":"https:\/\/elreporterodelacomunidad.com\/index.php\/2026\/04\/28\/morena-sonora-fortalece-estructura-territorial-y-llama-a-atender-situacion-financiera-de-hermosillo\/","title":{"rendered":"Morena Sonora fortalece estructura territorial y llama a atender situaci\u00f3n financiera de Hermosillo"},"content":{"rendered":"\n<p>Hermosillo, Sonora; a 28 de abril de 2025.- La presidenta del Comit\u00e9 Ejecutivo Estatal de Morena Sonora, Judith Armenta Cota, sostuvo una rueda de prensa en la que abord\u00f3 dos temas de relevancia y actualidad para la vida pol\u00edtica y social del estado.<br>En primer lugar, inform\u00f3 sobre el trabajo territorial que el partido ha venido realizando en los \u00faltimos meses. Destac\u00f3 que, en un periodo de dos meses, se ha llevado a cabo la toma de protesta de 32 Consejos Municipales en todo Sonora.<\/p>\n\n\n\n<p>\u201cHemos estado trabajando mucho en territorio; hemos realizado la toma de protesta de 32 Consejos Municipales en Sonora, donde se han elegido liderazgos territoriales por medio de votaci\u00f3n, y tenemos que un 60 por ciento de esos liderazgos son mujeres, lo que nos pone muy contentos\u201d, expres\u00f3.<\/p>\n\n\n\n<p>Armenta Cota explic\u00f3 que la funci\u00f3n de estos Consejos Municipales es fortalecer el trabajo territorial mediante la distribuci\u00f3n del peri\u00f3dico Regeneraci\u00f3n, la formaci\u00f3n de cuadros y la defensa del movimiento de transformaci\u00f3n.<\/p>\n\n\n\n<p>Subray\u00f3 que este esfuerzo se realiza bajo un modelo de organizaci\u00f3n horizontal, dejando atr\u00e1s estructuras piramidales tradicionales.<\/p>\n\n\n\n<p>En un segundo tema, la dirigente estatal hizo un llamado a la ciudadan\u00eda de Hermosillo para reflexionar sobre la situaci\u00f3n econ\u00f3mica del municipio. Se\u00f1al\u00f3 que, de acuerdo con reportes recientes de medios y organizaciones civiles, el Hermosillo de Antonio Astiazar\u00e1n se posiciona como el municipio m\u00e1s endeudado del pa\u00eds, con una deuda cercana a los mil 900 millones de pesos.<\/p>\n\n\n\n<p>\u201cHermosillo es el municipio m\u00e1s endeudado a nivel nacional y, si vemos las ciudades que le siguen, encontramos a Monterrey, Le\u00f3n y Guadalajara, que cuentan con gran infraestructura y obras modernas.<\/p>\n\n\n\n<p>En Hermosillo existe una deuda social con calles en mal estado, baches y problemas de agua; parece una ciudad abandonada. Es desproporcional que tengamos esta cantidad de deuda\u201d, concluy\u00f3.<\/p>\n\n\n\n<p class=\"has-text-align-center\"><img loading=\"lazy\" decoding=\"async\" width=\"500\" height=\"667\" class=\"wp-image-29571\" style=\"width: 500px;\" src=\"https:\/\/elreporterodelacomunidad.com\/wp-content\/uploads\/2026\/04\/23450f06-25a2-4ebd-b4bc-dc7485e9a26c-1.jpg\" alt=\"\" srcset=\"https:\/\/elreporterodelacomunidad.com\/wp-content\/uploads\/2026\/04\/23450f06-25a2-4ebd-b4bc-dc7485e9a26c-1.jpg 960w, https:\/\/elreporterodelacomunidad.com\/wp-content\/uploads\/2026\/04\/23450f06-25a2-4ebd-b4bc-dc7485e9a26c-1-225x300.jpg 225w, https:\/\/elreporterodelacomunidad.com\/wp-content\/uploads\/2026\/04\/23450f06-25a2-4ebd-b4bc-dc7485e9a26c-1-768x1024.jpg 768w, https:\/\/elreporterodelacomunidad.com\/wp-content\/uploads\/2026\/04\/23450f06-25a2-4ebd-b4bc-dc7485e9a26c-1-750x1000.jpg 750w\" sizes=\"auto, (max-width: 500px) 100vw, 500px\" \/><\/p>\n","protected":false},"excerpt":{"rendered":"<p>Hermosillo, Sonora; a 28 de abril de 2025.- La presidenta del Comit\u00e9 Ejecutivo Estatal de Morena Sonora, Judith Armenta Cota, sostuvo una rueda de prensa en la que abord\u00f3 dos temas de relevancia y actualidad para la vida pol\u00edtica y social del estado.En primer lugar, inform\u00f3 sobre el trabajo territorial que el partido ha venido [&hellip;]<\/p>\n","protected":false},"author":4,"featured_media":29570,"comment_status":"open","ping_status":"open","sticky":false,"template":"","format":"standard","meta":{"footnotes":""},"categories":[39],"tags":[],"class_list":["post-29569","post","type-post","status-publish","format-standard","has-post-thumbnail","hentry","category-politica"],"_links":{"self":[{"href":"https:\/\/elreporterodelacomunidad.com\/index.php\/wp-json\/wp\/v2\/posts\/29569","targetHints":{"allow":["GET"]}}],"collection":[{"href":"https:\/\/elreporterodelacomunidad.com\/index.php\/wp-json\/wp\/v2\/posts"}],"about":[{"href":"https:\/\/elreporterodelacomunidad.com\/index.php\/wp-json\/wp\/v2\/types\/post"}],"author":[{"embeddable":true,"href":"https:\/\/elreporterodelacomunidad.com\/index.php\/wp-json\/wp\/v2\/users\/4"}],"replies":[{"embeddable":true,"href":"https:\/\/elreporterodelacomunidad.com\/index.php\/wp-json\/wp\/v2\/comments?post=29569"}],"version-history":[{"count":1,"href":"https:\/\/elreporterodelacomunidad.com\/index.php\/wp-json\/wp\/v2\/posts\/29569\/revisions"}],"predecessor-version":[{"id":29572,"href":"https:\/\/elreporterodelacomunidad.com\/index.php\/wp-json\/wp\/v2\/posts\/29569\/revisions\/29572"}],"wp:featuredmedia":[{"embeddable":true,"href":"https:\/\/elreporterodelacomunidad.com\/index.php\/wp-json\/wp\/v2\/media\/29570"}],"wp:attachment":[{"href":"https:\/\/elreporterodelacomunidad.com\/index.php\/wp-json\/wp\/v2\/media?parent=29569"}],"wp:term":[{"taxonomy":"category","embeddable":true,"href":"https:\/\/elreporterodelacomunidad.com\/index.php\/wp-json\/wp\/v2\/categories?post=29569"},{"taxonomy":"post_tag","embeddable":true,"href":"https:\/\/elreporterodelacomunidad.com\/index.php\/wp-json\/wp\/v2\/tags?post=29569"}],"curies":[{"name":"wp","href":"https:\/\/api.w.org\/{rel}","templated":true}]}}