{"id":29562,"date":"2026-04-28T14:52:10","date_gmt":"2026-04-28T21:52:10","guid":{"rendered":"https:\/\/elreporterodelacomunidad.com\/?p=29562"},"modified":"2026-04-28T14:52:13","modified_gmt":"2026-04-28T21:52:13","slug":"fgjes-logra-condena-de-3-anos-y-6-meses-de-prision-contra-joven-por-narcomenudeo-en-guaymas","status":"publish","type":"post","link":"https:\/\/elreporterodelacomunidad.com\/index.php\/2026\/04\/28\/fgjes-logra-condena-de-3-anos-y-6-meses-de-prision-contra-joven-por-narcomenudeo-en-guaymas\/","title":{"rendered":"FGJES logra condena de 3 a\u00f1os y 6 meses de prisi\u00f3n contra joven por narcomenudeo en Guaymas"},"content":{"rendered":"\n<p>Guaymas, Sonora, 28 de abril de 2026.- La Fiscal\u00eda General de Justicia del Estado de Sonora (FGJES) logr\u00f3 fallo condenatorio de 3 a\u00f1os y 6 meses en contra de Brian &#8220;N&#8221;, de 23 a\u00f1os de edad, por su responsabilidad en el delito de narcomenudeo en su modalidad de posesi\u00f3n de marihuana con fines de comercio, en perjuicio de la sociedad en Guaymas.<\/p>\n\n\n\n<p>De acuerdo con la carpeta de investigaci\u00f3n, los hechos ocurrieron el 17 de octubre de 2025, alrededor de las 00:15 horas, cuando el ahora sentenciado fue detenido en la v\u00eda p\u00fablica, en la intersecci\u00f3n de la calle 26 y avenida 17, en la colonia Centro de Guaymas, en posesi\u00f3n de narc\u00f3tico.<\/p>\n\n\n\n<p>El imputado portaba entre sus prendas una bolsa de pl\u00e1stico color verde que conten\u00eda 20 envoltorios con hierba seca con caracter\u00edsticas propias de la marihuana.<\/p>\n\n\n\n<p>La FGJES destac\u00f3 que este resultado es producto del trabajo de investigaci\u00f3n y litigaci\u00f3n del Ministerio P\u00fablico, y reiter\u00f3 su compromiso en el combate a los delitos contra la salud, as\u00ed como en la protecci\u00f3n de la seguridad de la ciudadan\u00eda.<\/p>\n\n\n\n<p class=\"has-text-align-center\"><img loading=\"lazy\" decoding=\"async\" width=\"500\" height=\"626\" class=\"wp-image-29564\" style=\"width: 500px;\" src=\"https:\/\/elreporterodelacomunidad.com\/wp-content\/uploads\/2026\/04\/695ff75f-31ce-4a56-a20d-d46330549fc1.jpg\" alt=\"\" srcset=\"https:\/\/elreporterodelacomunidad.com\/wp-content\/uploads\/2026\/04\/695ff75f-31ce-4a56-a20d-d46330549fc1.jpg 1079w, https:\/\/elreporterodelacomunidad.com\/wp-content\/uploads\/2026\/04\/695ff75f-31ce-4a56-a20d-d46330549fc1-240x300.jpg 240w, https:\/\/elreporterodelacomunidad.com\/wp-content\/uploads\/2026\/04\/695ff75f-31ce-4a56-a20d-d46330549fc1-818x1024.jpg 818w, https:\/\/elreporterodelacomunidad.com\/wp-content\/uploads\/2026\/04\/695ff75f-31ce-4a56-a20d-d46330549fc1-768x961.jpg 768w, https:\/\/elreporterodelacomunidad.com\/wp-content\/uploads\/2026\/04\/695ff75f-31ce-4a56-a20d-d46330549fc1-750x938.jpg 750w\" sizes=\"auto, (max-width: 500px) 100vw, 500px\" \/><\/p>\n","protected":false},"excerpt":{"rendered":"<p>Guaymas, Sonora, 28 de abril de 2026.- La Fiscal\u00eda General de Justicia del Estado de Sonora (FGJES) logr\u00f3 fallo condenatorio de 3 a\u00f1os y 6 meses en contra de Brian &#8220;N&#8221;, de 23 a\u00f1os de edad, por su responsabilidad en el delito de narcomenudeo en su modalidad de posesi\u00f3n de marihuana con fines de comercio, [&hellip;]<\/p>\n","protected":false},"author":1,"featured_media":29563,"comment_status":"open","ping_status":"open","sticky":false,"template":"","format":"standard","meta":{"footnotes":""},"categories":[32],"tags":[],"class_list":["post-29562","post","type-post","status-publish","format-standard","has-post-thumbnail","hentry","category-policiaca"],"_links":{"self":[{"href":"https:\/\/elreporterodelacomunidad.com\/index.php\/wp-json\/wp\/v2\/posts\/29562","targetHints":{"allow":["GET"]}}],"collection":[{"href":"https:\/\/elreporterodelacomunidad.com\/index.php\/wp-json\/wp\/v2\/posts"}],"about":[{"href":"https:\/\/elreporterodelacomunidad.com\/index.php\/wp-json\/wp\/v2\/types\/post"}],"author":[{"embeddable":true,"href":"https:\/\/elreporterodelacomunidad.com\/index.php\/wp-json\/wp\/v2\/users\/1"}],"replies":[{"embeddable":true,"href":"https:\/\/elreporterodelacomunidad.com\/index.php\/wp-json\/wp\/v2\/comments?post=29562"}],"version-history":[{"count":1,"href":"https:\/\/elreporterodelacomunidad.com\/index.php\/wp-json\/wp\/v2\/posts\/29562\/revisions"}],"predecessor-version":[{"id":29565,"href":"https:\/\/elreporterodelacomunidad.com\/index.php\/wp-json\/wp\/v2\/posts\/29562\/revisions\/29565"}],"wp:featuredmedia":[{"embeddable":true,"href":"https:\/\/elreporterodelacomunidad.com\/index.php\/wp-json\/wp\/v2\/media\/29563"}],"wp:attachment":[{"href":"https:\/\/elreporterodelacomunidad.com\/index.php\/wp-json\/wp\/v2\/media?parent=29562"}],"wp:term":[{"taxonomy":"category","embeddable":true,"href":"https:\/\/elreporterodelacomunidad.com\/index.php\/wp-json\/wp\/v2\/categories?post=29562"},{"taxonomy":"post_tag","embeddable":true,"href":"https:\/\/elreporterodelacomunidad.com\/index.php\/wp-json\/wp\/v2\/tags?post=29562"}],"curies":[{"name":"wp","href":"https:\/\/api.w.org\/{rel}","templated":true}]}}