{"id":29555,"date":"2026-04-28T14:48:29","date_gmt":"2026-04-28T21:48:29","guid":{"rendered":"https:\/\/elreporterodelacomunidad.com\/?p=29555"},"modified":"2026-04-28T14:48:33","modified_gmt":"2026-04-28T21:48:33","slug":"registra-gobierno-de-hermosillo-una-jornada-exitosa-en-la-actividad-leyendo-por-la-h","status":"publish","type":"post","link":"https:\/\/elreporterodelacomunidad.com\/index.php\/2026\/04\/28\/registra-gobierno-de-hermosillo-una-jornada-exitosa-en-la-actividad-leyendo-por-la-h\/","title":{"rendered":"Registra Gobierno de Hermosillo una jornada exitosa en la actividad &#8220;Leyendo por la H&#8221;"},"content":{"rendered":"\n<p>Ni\u00f1as, ni\u00f1os, j\u00f3venes y adultos convivieron en un evento familiar en el cual pudieron llevarse un libro de forma gratuita.<\/p>\n\n\n\n<p>Hermosillo, Sonora; 28 de abril, 2026.- Ni\u00f1as, ni\u00f1os, j\u00f3venes y adultos disfrutaron de la lectura y las actividades formativas en la Plaza Zaragoza durante la actividad promovida por el Gobierno de Hermosillo \u201cLeyendo por la H\u201d.<\/p>\n\n\n\n<p>Las y los asistentes pudieron seleccionar uno de los 5 mil libros que se pusieron a disposici\u00f3n al formar una &#8220;H&#8221; gigante con los libros donados de la cual las personas interesadas tomaron un libro totalmente gratis para continuar con el h\u00e1bito de la lectura.<\/p>\n\n\n\n<p>La actividad fue promovida por el Instituto Hermosillense de la Juventud; el Instituto Municipal de Cultura y Arte (IMCA), a trav\u00e9s de la Red de Bibliotecas P\u00fablicas Municipales; la Direcci\u00f3n de Desarrollo Tur\u00edstico y la universidad UNIL\u00cdDER.<\/p>\n\n\n\n<p>Adem\u00e1s familias aprovecharon para integrarse a talleres infantiles de lectura creativa; El Estanquillo de las letras; mesas de ajedrez y ajedrez gigante; caballetes para pintar y muchas actividades m\u00e1s durante la edici\u00f3n de V\u00edactiva.<\/p>\n","protected":false},"excerpt":{"rendered":"<p>Ni\u00f1as, ni\u00f1os, j\u00f3venes y adultos convivieron en un evento familiar en el cual pudieron llevarse un libro de forma gratuita. Hermosillo, Sonora; 28 de abril, 2026.- Ni\u00f1as, ni\u00f1os, j\u00f3venes y adultos disfrutaron de la lectura y las actividades formativas en la Plaza Zaragoza durante la actividad promovida por el Gobierno de Hermosillo \u201cLeyendo por la [&hellip;]<\/p>\n","protected":false},"author":4,"featured_media":29556,"comment_status":"open","ping_status":"open","sticky":false,"template":"","format":"standard","meta":{"footnotes":""},"categories":[41],"tags":[],"class_list":["post-29555","post","type-post","status-publish","format-standard","has-post-thumbnail","hentry","category-cultura"],"_links":{"self":[{"href":"https:\/\/elreporterodelacomunidad.com\/index.php\/wp-json\/wp\/v2\/posts\/29555","targetHints":{"allow":["GET"]}}],"collection":[{"href":"https:\/\/elreporterodelacomunidad.com\/index.php\/wp-json\/wp\/v2\/posts"}],"about":[{"href":"https:\/\/elreporterodelacomunidad.com\/index.php\/wp-json\/wp\/v2\/types\/post"}],"author":[{"embeddable":true,"href":"https:\/\/elreporterodelacomunidad.com\/index.php\/wp-json\/wp\/v2\/users\/4"}],"replies":[{"embeddable":true,"href":"https:\/\/elreporterodelacomunidad.com\/index.php\/wp-json\/wp\/v2\/comments?post=29555"}],"version-history":[{"count":1,"href":"https:\/\/elreporterodelacomunidad.com\/index.php\/wp-json\/wp\/v2\/posts\/29555\/revisions"}],"predecessor-version":[{"id":29557,"href":"https:\/\/elreporterodelacomunidad.com\/index.php\/wp-json\/wp\/v2\/posts\/29555\/revisions\/29557"}],"wp:featuredmedia":[{"embeddable":true,"href":"https:\/\/elreporterodelacomunidad.com\/index.php\/wp-json\/wp\/v2\/media\/29556"}],"wp:attachment":[{"href":"https:\/\/elreporterodelacomunidad.com\/index.php\/wp-json\/wp\/v2\/media?parent=29555"}],"wp:term":[{"taxonomy":"category","embeddable":true,"href":"https:\/\/elreporterodelacomunidad.com\/index.php\/wp-json\/wp\/v2\/categories?post=29555"},{"taxonomy":"post_tag","embeddable":true,"href":"https:\/\/elreporterodelacomunidad.com\/index.php\/wp-json\/wp\/v2\/tags?post=29555"}],"curies":[{"name":"wp","href":"https:\/\/api.w.org\/{rel}","templated":true}]}}