{"id":2955,"date":"2024-01-31T00:00:00","date_gmt":"2024-01-31T07:00:00","guid":{"rendered":"https:\/\/elreporterodelacomunidad.com\/index.php\/2024\/01\/31\/nos-estan-matando-protestan-conductores-de-trailers-ante-inseguridad-en-carreteras\/"},"modified":"2024-01-31T00:00:00","modified_gmt":"2024-01-31T07:00:00","slug":"nos-estan-matando-protestan-conductores-de-trailers-ante-inseguridad-en-carreteras","status":"publish","type":"post","link":"https:\/\/elreporterodelacomunidad.com\/index.php\/2024\/01\/31\/nos-estan-matando-protestan-conductores-de-trailers-ante-inseguridad-en-carreteras\/","title":{"rendered":"\u201cNos est\u00e1n matando\u201d protestan conductores de tr\u00e1ilers ante inseguridad en carreteras"},"content":{"rendered":"<p class=\"MsoNormal\">Autotransportistas han iniciado una caravana lenta en los carriles centrales de la autopista M\u00e9xico-Quer\u00e9taro, en direcci\u00f3n a la Ciudad de M\u00e9xico, como protesta y demanda de un plan de seguridad efectivo contra asaltos y extorsiones en autopistas y carreteras del pa\u00eds.<\/p>\n<p class=\"MsoNormal\">Los camiones, integrados al Uni\u00f3n de Transportistas de Carga y Turismo (UTC), llevan vinilonas que expresan su hartazgo ante la creciente violencia, asaltos y p\u00e9rdidas de vidas de transportistas en diversas carreteras. Exigen medidas concretas para garantizar su seguridad.<\/p>\n<p class=\"MsoNormal\">Los manifestantes, custodiados por la polic\u00eda estatal y la Guardia Nacional, avanzaron hacia la Ciudad de M\u00e9xico, argumentando que no han recibido respuestas contundentes a sus demandas en distintos estados del pa\u00eds. \u201cNos est\u00e1n matando\u201d, expresan los transportistas.<\/p>\n<p class=\"MsoNormal\">La caravana se dirige a la C\u00e1mara de Diputados y a la Secretar\u00eda de Gobernaci\u00f3n en busca de soluciones a los ataques armados y extorsiones que enfrentan en las autopistas.<\/p>\n<p class=\"MsoNormal\">Los usuarios de la autopista se ven afectados por la caravana, que a veces abre un carril para permitir la circulaci\u00f3n de veh\u00edculos particulares y de carga.<\/p>\n<p class=\"MsoNormal\">La manifestaci\u00f3n comenz\u00f3 en la lateral de la autopista M\u00e9xico-Quer\u00e9taro, y en el momento de la informaci\u00f3n, ya se encontraban en Perinorte.<\/p>\n<p class=\"MsoNormal\">Problema creciente<\/p>\n<p class=\"MsoNormal\">En 2023, se registr\u00f3 un aumento del 4.6% en el n\u00famero de asaltos en autopistas en M\u00e9xico, con un total de 13 mil 848 denuncias, seg\u00fan cifras de la Fiscal\u00eda General de la Rep\u00fablica (FGR) y del Secretariado Ejecutivo del Sistema Nacional de Seguridad P\u00fablica (SESNSP).<\/p>\n<p class=\"MsoNormal\">Destaca que el 86% de estos asaltos ocurrieron con violencia, reflejando una tendencia preocupante hacia actos m\u00e1s agresivos.<\/p>\n<p class=\"MsoNormal\">Carreteras del Estado De M\u00e9xico y Puebla fueron identificadas como las m\u00e1s peligrosas, concentrando m\u00e1s de la mitad de los delitos.<\/p>\n<p class=\"MsoNormal\">Este aumento en la criminalidad en las autopistas resulta en p\u00e9rdidas anuales estimadas en alrededor de 7 mil millones de pesos. Los productos m\u00e1s robados durante estos asaltos son alimentos y abarrotes.<\/p>\n<p class=\"MsoNormal\">Los datos muestran que el delito de robo a transportistas est\u00e1 en constante crecimiento, con un promedio de 38 asaltos diarios en 2023, lo que representa un incremento respecto a los 36 casos diarios registrados en el a\u00f1o anterior.<\/p>\n<p class=\"MsoNormal\">La problem\u00e1tica evidencia la necesidad de implementar medidas m\u00e1s efectivas para garantizar la seguridad en las carreteras y proteger a los transportistas, as\u00ed como para abordar las causas subyacentes de este tipo de delitos.<\/p>\n","protected":false},"excerpt":{"rendered":"<p>Los manifestantes, custodiados por la polic\u00eda estatal y la Guardia Nacional, avanzaron hacia la Ciudad de M\u00e9xico, argumentando que no han recibido respuestas contundentes a sus demandas en distintos estados del pa\u00eds.<\/p>\n","protected":false},"author":1,"featured_media":2956,"comment_status":"open","ping_status":"open","sticky":false,"template":"","format":"standard","meta":{"footnotes":""},"categories":[29],"tags":[],"class_list":["post-2955","post","type-post","status-publish","format-standard","has-post-thumbnail","hentry","category-principalsecundaria"],"_links":{"self":[{"href":"https:\/\/elreporterodelacomunidad.com\/index.php\/wp-json\/wp\/v2\/posts\/2955","targetHints":{"allow":["GET"]}}],"collection":[{"href":"https:\/\/elreporterodelacomunidad.com\/index.php\/wp-json\/wp\/v2\/posts"}],"about":[{"href":"https:\/\/elreporterodelacomunidad.com\/index.php\/wp-json\/wp\/v2\/types\/post"}],"author":[{"embeddable":true,"href":"https:\/\/elreporterodelacomunidad.com\/index.php\/wp-json\/wp\/v2\/users\/1"}],"replies":[{"embeddable":true,"href":"https:\/\/elreporterodelacomunidad.com\/index.php\/wp-json\/wp\/v2\/comments?post=2955"}],"version-history":[{"count":0,"href":"https:\/\/elreporterodelacomunidad.com\/index.php\/wp-json\/wp\/v2\/posts\/2955\/revisions"}],"wp:featuredmedia":[{"embeddable":true,"href":"https:\/\/elreporterodelacomunidad.com\/index.php\/wp-json\/wp\/v2\/media\/2956"}],"wp:attachment":[{"href":"https:\/\/elreporterodelacomunidad.com\/index.php\/wp-json\/wp\/v2\/media?parent=2955"}],"wp:term":[{"taxonomy":"category","embeddable":true,"href":"https:\/\/elreporterodelacomunidad.com\/index.php\/wp-json\/wp\/v2\/categories?post=2955"},{"taxonomy":"post_tag","embeddable":true,"href":"https:\/\/elreporterodelacomunidad.com\/index.php\/wp-json\/wp\/v2\/tags?post=2955"}],"curies":[{"name":"wp","href":"https:\/\/api.w.org\/{rel}","templated":true}]}}