{"id":29536,"date":"2026-04-26T16:08:04","date_gmt":"2026-04-26T23:08:04","guid":{"rendered":"https:\/\/elreporterodelacomunidad.com\/?p=29536"},"modified":"2026-04-26T16:08:12","modified_gmt":"2026-04-26T23:08:12","slug":"gobierno-de-sonora-impulsa-desarrollo-sustentable-con-planta-de-tratamiento-de-residuos-solidos-urbanos","status":"publish","type":"post","link":"https:\/\/elreporterodelacomunidad.com\/index.php\/2026\/04\/26\/gobierno-de-sonora-impulsa-desarrollo-sustentable-con-planta-de-tratamiento-de-residuos-solidos-urbanos\/","title":{"rendered":"Gobierno de Sonora impulsa desarrollo sustentable con Planta de Tratamiento de Residuos S\u00f3lidos Urbanos"},"content":{"rendered":"\n<p>-Tendr\u00e1 capacidad para tratar diariamente cinco toneladas de neum\u00e1ticos.<\/p>\n\n\n\n<p>-Tiene una inversi\u00f3n de 180 millones de pesos.<\/p>\n\n\n\n<p>-Permitir\u00e1 la recuperaci\u00f3n de materiales reciclables.<\/p>\n\n\n\n<p>*Hermosillo, Sonora; 26 de abril de 2026.-* Con la construcci\u00f3n de la Planta de Tratamiento de Residuos S\u00f3lidos Urbanos de Caborca, se impulsa un desarrollo sustentable que beneficia al medio ambiente y la econom\u00eda de las familias, siendo un proyecto pionero en el manejo integral de residuos y que pudiera ser un modelo replicable para otros municipios de la entidad, destac\u00f3 el gobernador Alfonso Durazo Monta\u00f1o.<\/p>\n\n\n\n<p>El mandatario estatal supervis\u00f3 la construcci\u00f3n de esta planta, la cual sustituir\u00e1 al dep\u00f3sito de residuos a cielo abierto, y permitir\u00e1 dar cumplimiento a la NOM-083-SEMARNAT-2003, a trav\u00e9s de un modelo moderno de manejo integral de los desechos, con una inversi\u00f3n total de 180 millones de pesos.<\/p>\n\n\n\n<p>Este proyecto contempla componentes de alta tecnolog\u00eda como planta separadora, planta de gasificaci\u00f3n y una planta de pir\u00f3lisis con capacidad de tratamiento de cinco toneladas diarias de neum\u00e1ticos, lo que permitir\u00e1 recuperar materiales reciclables, producir aceite pirol\u00edtico, y reducir significativamente el volumen de residuos destinados a disposici\u00f3n final, con beneficios ambientales, financieros, y de salud p\u00fablica.<\/p>\n\n\n\n<p>\u201cRepresenta una transici\u00f3n de los viejos esquemas de manejo de basura a un sistema nuevo que permite un reaprovechamiento \u00f3ptimo de esos desechos\u201d, indic\u00f3.<\/p>\n\n\n\n<p>El mandatario estatal mencion\u00f3 que esta planta representa beneficios clave como ambientales, eliminaci\u00f3n progresiva del tiradero a cielo abierto, reducci\u00f3n de contaminaci\u00f3n de suelo, aire, y agua; disminuci\u00f3n de emisiones por quema de residuos, financieros, evitar\u00e1 multas por incumplimiento ambiental, tendr\u00e1 potencial de generaci\u00f3n de ingresos por valorizaci\u00f3n de residuos sociales, mejorar\u00e1 la salud p\u00fablica, generar\u00e1 empleo local, y se fortalecer\u00e1 la imagen p\u00fablica.<\/p>\n\n\n\n<p class=\"has-text-align-center\"><img loading=\"lazy\" decoding=\"async\" width=\"500\" height=\"333\" class=\"wp-image-29538\" style=\"width: 500px;\" src=\"https:\/\/elreporterodelacomunidad.com\/wp-content\/uploads\/2026\/04\/1000506800.jpg\" alt=\"\" srcset=\"https:\/\/elreporterodelacomunidad.com\/wp-content\/uploads\/2026\/04\/1000506800.jpg 1200w, https:\/\/elreporterodelacomunidad.com\/wp-content\/uploads\/2026\/04\/1000506800-300x200.jpg 300w, https:\/\/elreporterodelacomunidad.com\/wp-content\/uploads\/2026\/04\/1000506800-1024x683.jpg 1024w, https:\/\/elreporterodelacomunidad.com\/wp-content\/uploads\/2026\/04\/1000506800-768x512.jpg 768w, https:\/\/elreporterodelacomunidad.com\/wp-content\/uploads\/2026\/04\/1000506800-750x500.jpg 750w, https:\/\/elreporterodelacomunidad.com\/wp-content\/uploads\/2026\/04\/1000506800-1140x760.jpg 1140w\" sizes=\"auto, (max-width: 500px) 100vw, 500px\" \/><\/p>\n","protected":false},"excerpt":{"rendered":"<p>-Tendr\u00e1 capacidad para tratar diariamente cinco toneladas de neum\u00e1ticos. -Tiene una inversi\u00f3n de 180 millones de pesos. -Permitir\u00e1 la recuperaci\u00f3n de materiales reciclables. *Hermosillo, Sonora; 26 de abril de 2026.-* Con la construcci\u00f3n de la Planta de Tratamiento de Residuos S\u00f3lidos Urbanos de Caborca, se impulsa un desarrollo sustentable que beneficia al medio ambiente y [&hellip;]<\/p>\n","protected":false},"author":4,"featured_media":29537,"comment_status":"open","ping_status":"open","sticky":false,"template":"","format":"standard","meta":{"footnotes":""},"categories":[42],"tags":[],"class_list":["post-29536","post","type-post","status-publish","format-standard","has-post-thumbnail","hentry","category-economia"],"_links":{"self":[{"href":"https:\/\/elreporterodelacomunidad.com\/index.php\/wp-json\/wp\/v2\/posts\/29536","targetHints":{"allow":["GET"]}}],"collection":[{"href":"https:\/\/elreporterodelacomunidad.com\/index.php\/wp-json\/wp\/v2\/posts"}],"about":[{"href":"https:\/\/elreporterodelacomunidad.com\/index.php\/wp-json\/wp\/v2\/types\/post"}],"author":[{"embeddable":true,"href":"https:\/\/elreporterodelacomunidad.com\/index.php\/wp-json\/wp\/v2\/users\/4"}],"replies":[{"embeddable":true,"href":"https:\/\/elreporterodelacomunidad.com\/index.php\/wp-json\/wp\/v2\/comments?post=29536"}],"version-history":[{"count":1,"href":"https:\/\/elreporterodelacomunidad.com\/index.php\/wp-json\/wp\/v2\/posts\/29536\/revisions"}],"predecessor-version":[{"id":29539,"href":"https:\/\/elreporterodelacomunidad.com\/index.php\/wp-json\/wp\/v2\/posts\/29536\/revisions\/29539"}],"wp:featuredmedia":[{"embeddable":true,"href":"https:\/\/elreporterodelacomunidad.com\/index.php\/wp-json\/wp\/v2\/media\/29537"}],"wp:attachment":[{"href":"https:\/\/elreporterodelacomunidad.com\/index.php\/wp-json\/wp\/v2\/media?parent=29536"}],"wp:term":[{"taxonomy":"category","embeddable":true,"href":"https:\/\/elreporterodelacomunidad.com\/index.php\/wp-json\/wp\/v2\/categories?post=29536"},{"taxonomy":"post_tag","embeddable":true,"href":"https:\/\/elreporterodelacomunidad.com\/index.php\/wp-json\/wp\/v2\/tags?post=29536"}],"curies":[{"name":"wp","href":"https:\/\/api.w.org\/{rel}","templated":true}]}}