{"id":29532,"date":"2026-04-26T16:03:58","date_gmt":"2026-04-26T23:03:58","guid":{"rendered":"https:\/\/elreporterodelacomunidad.com\/?p=29532"},"modified":"2026-04-26T16:04:03","modified_gmt":"2026-04-26T23:04:03","slug":"invitan-a-jornada-de-salud-visual-y-servicios-preventivos-en-olivares-el-apache-y-las-praderas","status":"publish","type":"post","link":"https:\/\/elreporterodelacomunidad.com\/index.php\/2026\/04\/26\/invitan-a-jornada-de-salud-visual-y-servicios-preventivos-en-olivares-el-apache-y-las-praderas\/","title":{"rendered":"Invitan a Jornada de Salud Visual y servicios preventivos en Olivares, El Apache y Las Praderas"},"content":{"rendered":"\n<p>Familias podr\u00e1n acceder gratuitamente a servicios de salud en las colonias Olivares, El Apache y Las Praderas<\/p>\n\n\n\n<p>Hermosillo, Sonora; 26 de abril, 2026.- Con el objetivo de construir una comunidad m\u00e1s sana, el Ayuntamiento de Hermosillo acercar\u00e1 atenci\u00f3n preventiva y servicios gratuitos a trav\u00e9s de la Jornada de Salud Visual en colonias como Olivares, Las Praderas y El Apache, donde adem\u00e1s se ofrecer\u00e1n distintos servicios m\u00e9dicos.<\/p>\n\n\n\n<p>Luis Becerra Hurtado, director de Salud P\u00fablica Municipal invit\u00f3 a aprovechar ex\u00e1menes de la vista, entrega de lentes monofocales para lectura, atenci\u00f3n m\u00e9dica preventiva, odontolog\u00eda, orientaci\u00f3n nutricional, m\u00f3dulos de vacunaci\u00f3n, toma de muestras de Papanicolau y medici\u00f3n tanto de glucosa como de presi\u00f3n arterial.<\/p>\n\n\n\n<p>En ese sentido, el martes 28 de abril las actividades se desarrollar\u00e1n de 9:00 de la ma\u00f1ana a 12:00 del mediod\u00eda en la colonia Olivares, en el Parque Copacabana ubicado en avenida Enrique Quijada, entre L\u00f3pez del Castillo y Guillermo Arreola.<\/p>\n\n\n\n<p>Ese mismo d\u00eda y en el mismo horario, la jornada tambi\u00e9n llegar\u00e1 al fraccionamiento Las Praderas, en el Parque Praderas ubicado en calle De Los Pinares, esquina con callej\u00f3n Rosales.<\/p>\n\n\n\n<p>Posteriormente, el mi\u00e9rcoles 29 de abril, la atenci\u00f3n se brindar\u00e1 en la colonia El Apache, en el Parque Las Manitas ubicado en calle Pluma Blanca Norte, esquina con San Felipe, tambi\u00e9n de 9:00 de la ma\u00f1ana a 12:00 del mediod\u00eda.<\/p>\n\n\n\n<p>El Gobierno Municipal invita a la ciudadan\u00eda a aprovechar estos servicios gratuitos orientados al cuidado de la salud visual y la prevenci\u00f3n, adem\u00e1s de mantenerse informada a trav\u00e9s de las redes sociales oficiales de @hermosillogob en X e Instagram, as\u00ed como Gobierno de Hermosillo en Facebook.<\/p>\n\n\n\n<p class=\"has-text-align-center\"><img loading=\"lazy\" decoding=\"async\" width=\"500\" height=\"396\" class=\"wp-image-29534\" style=\"width: 500px;\" src=\"https:\/\/elreporterodelacomunidad.com\/wp-content\/uploads\/2026\/04\/c1756f4b-e71d-420e-b739-af2612bca182.jpg\" alt=\"\" srcset=\"https:\/\/elreporterodelacomunidad.com\/wp-content\/uploads\/2026\/04\/c1756f4b-e71d-420e-b739-af2612bca182.jpg 1145w, https:\/\/elreporterodelacomunidad.com\/wp-content\/uploads\/2026\/04\/c1756f4b-e71d-420e-b739-af2612bca182-300x237.jpg 300w, https:\/\/elreporterodelacomunidad.com\/wp-content\/uploads\/2026\/04\/c1756f4b-e71d-420e-b739-af2612bca182-1024x810.jpg 1024w, https:\/\/elreporterodelacomunidad.com\/wp-content\/uploads\/2026\/04\/c1756f4b-e71d-420e-b739-af2612bca182-768x608.jpg 768w, https:\/\/elreporterodelacomunidad.com\/wp-content\/uploads\/2026\/04\/c1756f4b-e71d-420e-b739-af2612bca182-750x593.jpg 750w, https:\/\/elreporterodelacomunidad.com\/wp-content\/uploads\/2026\/04\/c1756f4b-e71d-420e-b739-af2612bca182-1140x902.jpg 1140w\" sizes=\"auto, (max-width: 500px) 100vw, 500px\" \/><\/p>\n","protected":false},"excerpt":{"rendered":"<p>Familias podr\u00e1n acceder gratuitamente a servicios de salud en las colonias Olivares, El Apache y Las Praderas Hermosillo, Sonora; 26 de abril, 2026.- Con el objetivo de construir una comunidad m\u00e1s sana, el Ayuntamiento de Hermosillo acercar\u00e1 atenci\u00f3n preventiva y servicios gratuitos a trav\u00e9s de la Jornada de Salud Visual en colonias como Olivares, Las [&hellip;]<\/p>\n","protected":false},"author":4,"featured_media":29533,"comment_status":"open","ping_status":"open","sticky":false,"template":"","format":"standard","meta":{"footnotes":""},"categories":[38],"tags":[],"class_list":["post-29532","post","type-post","status-publish","format-standard","has-post-thumbnail","hentry","category-salud"],"_links":{"self":[{"href":"https:\/\/elreporterodelacomunidad.com\/index.php\/wp-json\/wp\/v2\/posts\/29532","targetHints":{"allow":["GET"]}}],"collection":[{"href":"https:\/\/elreporterodelacomunidad.com\/index.php\/wp-json\/wp\/v2\/posts"}],"about":[{"href":"https:\/\/elreporterodelacomunidad.com\/index.php\/wp-json\/wp\/v2\/types\/post"}],"author":[{"embeddable":true,"href":"https:\/\/elreporterodelacomunidad.com\/index.php\/wp-json\/wp\/v2\/users\/4"}],"replies":[{"embeddable":true,"href":"https:\/\/elreporterodelacomunidad.com\/index.php\/wp-json\/wp\/v2\/comments?post=29532"}],"version-history":[{"count":1,"href":"https:\/\/elreporterodelacomunidad.com\/index.php\/wp-json\/wp\/v2\/posts\/29532\/revisions"}],"predecessor-version":[{"id":29535,"href":"https:\/\/elreporterodelacomunidad.com\/index.php\/wp-json\/wp\/v2\/posts\/29532\/revisions\/29535"}],"wp:featuredmedia":[{"embeddable":true,"href":"https:\/\/elreporterodelacomunidad.com\/index.php\/wp-json\/wp\/v2\/media\/29533"}],"wp:attachment":[{"href":"https:\/\/elreporterodelacomunidad.com\/index.php\/wp-json\/wp\/v2\/media?parent=29532"}],"wp:term":[{"taxonomy":"category","embeddable":true,"href":"https:\/\/elreporterodelacomunidad.com\/index.php\/wp-json\/wp\/v2\/categories?post=29532"},{"taxonomy":"post_tag","embeddable":true,"href":"https:\/\/elreporterodelacomunidad.com\/index.php\/wp-json\/wp\/v2\/tags?post=29532"}],"curies":[{"name":"wp","href":"https:\/\/api.w.org\/{rel}","templated":true}]}}