{"id":29524,"date":"2026-04-26T15:44:00","date_gmt":"2026-04-26T22:44:00","guid":{"rendered":"https:\/\/elreporterodelacomunidad.com\/?p=29524"},"modified":"2026-04-26T15:44:03","modified_gmt":"2026-04-26T22:44:03","slug":"realiza-gobierno-de-hermosillo-exitosa-jornada-de-salud-en-el-fraccionamiento-quinta-esmeralda","status":"publish","type":"post","link":"https:\/\/elreporterodelacomunidad.com\/index.php\/2026\/04\/26\/realiza-gobierno-de-hermosillo-exitosa-jornada-de-salud-en-el-fraccionamiento-quinta-esmeralda\/","title":{"rendered":"Realiza Gobierno de Hermosillo exitosa jornada de salud en el fraccionamiento Quinta Esmeralda"},"content":{"rendered":"\n<p>Familias del sector aprovecharon las acciones de medicina preventiva y de vacunaci\u00f3n.<\/p>\n\n\n\n<p>Hermosillo, Sonora; 25 de abril, 2026.- El Gobierno Municipal de Hermosillo, a trav\u00e9s de la Direcci\u00f3n de Salud P\u00fablica Municipal, realiz\u00f3 un despliegue de atenci\u00f3n de salud visual, medicina preventiva, entrega gratuita de lentes y vacunaci\u00f3n universal en beneficio de familias del fraccionamiento Quinta Esmeralda y colonias aleda\u00f1as.<\/p>\n\n\n\n<p>Este tipo de jornadas atienden la instrucci\u00f3n del presidente municipal Antonio Astiazar\u00e1n Guti\u00e9rrez de fortalecer el bienestar integral de las familias hermosillenses mediante el acceso gratuito a servicios m\u00e9dicos esenciales, explic\u00f3 Luis Becerra Hurtado, director de Salud P\u00fablica Municipal.<\/p>\n\n\n\n<p>Personas de todas edades acudieron al parque Henrry D. Thoreau, ubicado en el cruce de las calles Malaya y Lisita, donde se proporcionaron 36 registros generales; 136 test de detecci\u00f3n de glucosa, presi\u00f3n arterial y obesidad; 26 acciones de promoci\u00f3n de la salud con Vida Suero Oral; 2 consultas odontol\u00f3gicas y 28 de optometr\u00eda con entrega de lentes, inform\u00f3.<\/p>\n\n\n\n<p>Se cont\u00f3 en esta misma sede con un m\u00f3dulo de vacunaci\u00f3n universal, que puso a disposici\u00f3n de las y los asistentes esquemas b\u00e1sicos y refuerzos para ni\u00f1as, ni\u00f1os, adolescentes y personas adultas.<\/p>\n\n\n\n<p class=\"has-text-align-center\"><img loading=\"lazy\" decoding=\"async\" width=\"500\" height=\"333\" class=\"wp-image-29526\" style=\"width: 500px;\" src=\"https:\/\/elreporterodelacomunidad.com\/wp-content\/uploads\/2026\/04\/4988b746-b429-46c5-a1b4-6bfbf3e85056.jpg\" alt=\"\" srcset=\"https:\/\/elreporterodelacomunidad.com\/wp-content\/uploads\/2026\/04\/4988b746-b429-46c5-a1b4-6bfbf3e85056.jpg 1280w, https:\/\/elreporterodelacomunidad.com\/wp-content\/uploads\/2026\/04\/4988b746-b429-46c5-a1b4-6bfbf3e85056-300x200.jpg 300w, https:\/\/elreporterodelacomunidad.com\/wp-content\/uploads\/2026\/04\/4988b746-b429-46c5-a1b4-6bfbf3e85056-1024x682.jpg 1024w, https:\/\/elreporterodelacomunidad.com\/wp-content\/uploads\/2026\/04\/4988b746-b429-46c5-a1b4-6bfbf3e85056-768x512.jpg 768w, https:\/\/elreporterodelacomunidad.com\/wp-content\/uploads\/2026\/04\/4988b746-b429-46c5-a1b4-6bfbf3e85056-750x500.jpg 750w, https:\/\/elreporterodelacomunidad.com\/wp-content\/uploads\/2026\/04\/4988b746-b429-46c5-a1b4-6bfbf3e85056-1140x760.jpg 1140w\" sizes=\"auto, (max-width: 500px) 100vw, 500px\" \/><\/p>\n","protected":false},"excerpt":{"rendered":"<p>Familias del sector aprovecharon las acciones de medicina preventiva y de vacunaci\u00f3n. Hermosillo, Sonora; 25 de abril, 2026.- El Gobierno Municipal de Hermosillo, a trav\u00e9s de la Direcci\u00f3n de Salud P\u00fablica Municipal, realiz\u00f3 un despliegue de atenci\u00f3n de salud visual, medicina preventiva, entrega gratuita de lentes y vacunaci\u00f3n universal en beneficio de familias del fraccionamiento [&hellip;]<\/p>\n","protected":false},"author":4,"featured_media":29525,"comment_status":"open","ping_status":"open","sticky":false,"template":"","format":"standard","meta":{"footnotes":""},"categories":[38],"tags":[],"class_list":["post-29524","post","type-post","status-publish","format-standard","has-post-thumbnail","hentry","category-salud"],"_links":{"self":[{"href":"https:\/\/elreporterodelacomunidad.com\/index.php\/wp-json\/wp\/v2\/posts\/29524","targetHints":{"allow":["GET"]}}],"collection":[{"href":"https:\/\/elreporterodelacomunidad.com\/index.php\/wp-json\/wp\/v2\/posts"}],"about":[{"href":"https:\/\/elreporterodelacomunidad.com\/index.php\/wp-json\/wp\/v2\/types\/post"}],"author":[{"embeddable":true,"href":"https:\/\/elreporterodelacomunidad.com\/index.php\/wp-json\/wp\/v2\/users\/4"}],"replies":[{"embeddable":true,"href":"https:\/\/elreporterodelacomunidad.com\/index.php\/wp-json\/wp\/v2\/comments?post=29524"}],"version-history":[{"count":1,"href":"https:\/\/elreporterodelacomunidad.com\/index.php\/wp-json\/wp\/v2\/posts\/29524\/revisions"}],"predecessor-version":[{"id":29527,"href":"https:\/\/elreporterodelacomunidad.com\/index.php\/wp-json\/wp\/v2\/posts\/29524\/revisions\/29527"}],"wp:featuredmedia":[{"embeddable":true,"href":"https:\/\/elreporterodelacomunidad.com\/index.php\/wp-json\/wp\/v2\/media\/29525"}],"wp:attachment":[{"href":"https:\/\/elreporterodelacomunidad.com\/index.php\/wp-json\/wp\/v2\/media?parent=29524"}],"wp:term":[{"taxonomy":"category","embeddable":true,"href":"https:\/\/elreporterodelacomunidad.com\/index.php\/wp-json\/wp\/v2\/categories?post=29524"},{"taxonomy":"post_tag","embeddable":true,"href":"https:\/\/elreporterodelacomunidad.com\/index.php\/wp-json\/wp\/v2\/tags?post=29524"}],"curies":[{"name":"wp","href":"https:\/\/api.w.org\/{rel}","templated":true}]}}