{"id":29519,"date":"2026-04-26T14:59:10","date_gmt":"2026-04-26T21:59:10","guid":{"rendered":"https:\/\/elreporterodelacomunidad.com\/?p=29519"},"modified":"2026-04-26T14:59:13","modified_gmt":"2026-04-26T21:59:13","slug":"mantiene-tono-astiazaran-mejoramiento-de-vialidades-en-beneficio-de-hermosillenses","status":"publish","type":"post","link":"https:\/\/elreporterodelacomunidad.com\/index.php\/2026\/04\/26\/mantiene-tono-astiazaran-mejoramiento-de-vialidades-en-beneficio-de-hermosillenses\/","title":{"rendered":"Mantiene To\u00f1o Astiazar\u00e1n mejoramiento de vialidades en beneficio de hermosillenses"},"content":{"rendered":"\n<p>Supervis\u00f3 el bulevar Garc\u00eda Morales el cual se encuentra en proceso la rehabilitaci\u00f3n y construcci\u00f3n de guarniciones.<\/p>\n\n\n\n<p>Hermosillo, Sonora; 26 de abril de 2026.- En continuidad del programa de mejoramiento de vialidades del Gobierno Municipal, que incluye vialidades principales de beneficio para todas y todos, el presidente municipal Antonio Astiazar\u00e1n Guti\u00e9rrez supervis\u00f3 recientemente los trabajos que se hacen del bulevar Garc\u00eda Morales hasta el bulevar Quiroga, donde se trabaja en 2 mil 293 metros lineales de guarniciones en camellones.<\/p>\n\n\n\n<p>To\u00f1o Astiazar\u00e1n encabez\u00f3 la supervisi\u00f3n en la zona donde los trabajos benefician a 8 mil habitantes que transitan diariamente por la zona.<\/p>\n\n\n\n<p>Un tema de seguridad vial que se resolver\u00e1 con esta obra es la pr\u00e1ctica en la que estaban incurriendo automovilistas que aprovechaban lo bajo de las guarniciones para atravesar los camellones y acceder al cuerpo contrario del bulevar sin esperar a usar los retornos, explic\u00f3.<\/p>\n\n\n\n<p>Acompa\u00f1ado de Astart\u00e9 Corro Ruiz, titular de la Direcci\u00f3n General de Desarrollo de Infraestructura (DGDI), explic\u00f3 sobre los beneficios que se generar\u00e1n con recursos 100% municipales.<\/p>\n\n\n\n<p>\u201cEs parte de los cambios que estamos haciendo en Hermosillo, la transformaci\u00f3n pasa tambi\u00e9n por los camellones, es muy importante embellecer la imagen urbana, darle cauce al agua de la lluvia y sobre todo fomentar mucho la vegetaci\u00f3n nativa y des\u00e9rtica en nuestra ciudad\u201d, resumi\u00f3 To\u00f1o Astiazar\u00e1n.<\/p>\n\n\n\n<p>El principal problema a resolver, reiter\u00f3, es devolver a las guarniciones la altura que fueron perdiendo cada vez que se agregaron carpetas asf\u00e1lticas al bulevar aunado a recuperar la capacidad de retenci\u00f3n de la tierra de los camellones y de la humedad que generan las lluvias, en beneficio de las especies vegetales presentes y futuras de la zona.<\/p>\n\n\n\n<p>Consider\u00f3 muy importante esta vialidad que tambi\u00e9n es una puerta de entrada a la ciudad la cual al final de los trabajos quedar\u00e1 limpia y tendr\u00e1 m\u00e1s \u00e1rboles que ser\u00e1n regados con agua tratada.<\/p>\n\n\n\n<p>Los trabajos incluyen la reconstrucci\u00f3n de las estructuras denominadas puntas de bala, que son el remate de los camellones y los retornos, ya que es com\u00fan que sufran da\u00f1os por vueltas mal calculadas de los automovilistas. En la supervisi\u00f3n estuvieron acompa\u00f1ados por la regidora Dulce Robles.<\/p>\n\n\n\n<p class=\"has-text-align-center\"><img loading=\"lazy\" decoding=\"async\" width=\"500\" height=\"344\" class=\"wp-image-29521\" style=\"width: 500px;\" src=\"https:\/\/elreporterodelacomunidad.com\/wp-content\/uploads\/2026\/04\/e8ccd9e4-5611-43c6-ac42-04f96b690d76.jpg\" alt=\"\" srcset=\"https:\/\/elreporterodelacomunidad.com\/wp-content\/uploads\/2026\/04\/e8ccd9e4-5611-43c6-ac42-04f96b690d76.jpg 1280w, https:\/\/elreporterodelacomunidad.com\/wp-content\/uploads\/2026\/04\/e8ccd9e4-5611-43c6-ac42-04f96b690d76-300x206.jpg 300w, https:\/\/elreporterodelacomunidad.com\/wp-content\/uploads\/2026\/04\/e8ccd9e4-5611-43c6-ac42-04f96b690d76-1024x705.jpg 1024w, https:\/\/elreporterodelacomunidad.com\/wp-content\/uploads\/2026\/04\/e8ccd9e4-5611-43c6-ac42-04f96b690d76-768x529.jpg 768w, https:\/\/elreporterodelacomunidad.com\/wp-content\/uploads\/2026\/04\/e8ccd9e4-5611-43c6-ac42-04f96b690d76-750x516.jpg 750w, https:\/\/elreporterodelacomunidad.com\/wp-content\/uploads\/2026\/04\/e8ccd9e4-5611-43c6-ac42-04f96b690d76-1140x785.jpg 1140w\" sizes=\"auto, (max-width: 500px) 100vw, 500px\" \/><\/p>\n","protected":false},"excerpt":{"rendered":"<p>Supervis\u00f3 el bulevar Garc\u00eda Morales el cual se encuentra en proceso la rehabilitaci\u00f3n y construcci\u00f3n de guarniciones. Hermosillo, Sonora; 26 de abril de 2026.- En continuidad del programa de mejoramiento de vialidades del Gobierno Municipal, que incluye vialidades principales de beneficio para todas y todos, el presidente municipal Antonio Astiazar\u00e1n Guti\u00e9rrez supervis\u00f3 recientemente los trabajos [&hellip;]<\/p>\n","protected":false},"author":4,"featured_media":29520,"comment_status":"open","ping_status":"open","sticky":false,"template":"","format":"standard","meta":{"footnotes":""},"categories":[34,26],"tags":[],"class_list":["post-29519","post","type-post","status-publish","format-standard","has-post-thumbnail","hentry","category-general","category-principal"],"_links":{"self":[{"href":"https:\/\/elreporterodelacomunidad.com\/index.php\/wp-json\/wp\/v2\/posts\/29519","targetHints":{"allow":["GET"]}}],"collection":[{"href":"https:\/\/elreporterodelacomunidad.com\/index.php\/wp-json\/wp\/v2\/posts"}],"about":[{"href":"https:\/\/elreporterodelacomunidad.com\/index.php\/wp-json\/wp\/v2\/types\/post"}],"author":[{"embeddable":true,"href":"https:\/\/elreporterodelacomunidad.com\/index.php\/wp-json\/wp\/v2\/users\/4"}],"replies":[{"embeddable":true,"href":"https:\/\/elreporterodelacomunidad.com\/index.php\/wp-json\/wp\/v2\/comments?post=29519"}],"version-history":[{"count":1,"href":"https:\/\/elreporterodelacomunidad.com\/index.php\/wp-json\/wp\/v2\/posts\/29519\/revisions"}],"predecessor-version":[{"id":29522,"href":"https:\/\/elreporterodelacomunidad.com\/index.php\/wp-json\/wp\/v2\/posts\/29519\/revisions\/29522"}],"wp:featuredmedia":[{"embeddable":true,"href":"https:\/\/elreporterodelacomunidad.com\/index.php\/wp-json\/wp\/v2\/media\/29520"}],"wp:attachment":[{"href":"https:\/\/elreporterodelacomunidad.com\/index.php\/wp-json\/wp\/v2\/media?parent=29519"}],"wp:term":[{"taxonomy":"category","embeddable":true,"href":"https:\/\/elreporterodelacomunidad.com\/index.php\/wp-json\/wp\/v2\/categories?post=29519"},{"taxonomy":"post_tag","embeddable":true,"href":"https:\/\/elreporterodelacomunidad.com\/index.php\/wp-json\/wp\/v2\/tags?post=29519"}],"curies":[{"name":"wp","href":"https:\/\/api.w.org\/{rel}","templated":true}]}}