{"id":29515,"date":"2026-04-24T20:47:35","date_gmt":"2026-04-25T03:47:35","guid":{"rendered":"https:\/\/elreporterodelacomunidad.com\/?p=29515"},"modified":"2026-04-24T20:47:38","modified_gmt":"2026-04-25T03:47:38","slug":"el-congreso-de-sonora-socializa-con-caborquenses-ley-de-tarifa-social","status":"publish","type":"post","link":"https:\/\/elreporterodelacomunidad.com\/index.php\/2026\/04\/24\/el-congreso-de-sonora-socializa-con-caborquenses-ley-de-tarifa-social\/","title":{"rendered":"El Congreso de Sonora socializa con caborquenses Ley de Tarifa Social"},"content":{"rendered":"\n<p><strong>Caborca, Sonora; 24 de abril de 2026.-<\/strong>&nbsp;La Comisi\u00f3n de Bienestar del Congreso del Estado llev\u00f3 a cabo en Caborca el tercer foro de consulta ciudadana relacionado con la Ley de Tarifa Social, con el objetivo de escuchar opiniones y fortalecer la participaci\u00f3n ciudadana.<\/p>\n\n\n\n<p>La diputada Mar\u00eda Eduwiges Espinoza Tapia estuvo acompa\u00f1ada en este tercer ejercicio por la diputada Mar\u00eda Alicia Gayt\u00e1n S\u00e1nchez, ambas integrantes del Grupo Parlamentario de Morena.<\/p>\n\n\n\n<p>En su intervenci\u00f3n, la legisladora Espinoza Tapia, impulsora de la propuesta, explic\u00f3 que la denominada Ley de Tarifa Social busca incorporar dicho concepto en la legislaci\u00f3n estatal.<\/p>\n\n\n\n<p>Detall\u00f3 que, mediante reformas a la Ley de Desarrollo Social, la Ley de Gobierno y Administraci\u00f3n Municipal, la Ley de Hacienda del Estado, y la Ley de Hacienda Municipal, se busca que personas adultas mayores, con discapacidad y familias en situaci\u00f3n de pobreza extrema puedan acceder al pago de servicios p\u00fablicos estatales y municipales en condiciones m\u00e1s justas, equitativas y accesibles, a trav\u00e9s de descuentos o tarifas preferenciales establecidas.<\/p>\n\n\n\n<p>Se\u00f1al\u00f3 que actualmente existen descuentos y apoyos en diversos tr\u00e1mites dentro del \u00e1mbito estatal; sin embargo, incorporar el concepto de tarifa social en la legislaci\u00f3n local permitir\u00e1 otorgar certeza jur\u00eddica y establecer criterios claros para su aplicaci\u00f3n.<\/p>\n\n\n\n<p>Por su parte, la diputada Mar\u00eda Alicia Gayt\u00e1n S\u00e1nchez, representante del distrito 3 con cabecera en Caborca, expres\u00f3 su respaldo a la iniciativa al considerar que representa una medida de justicia para apoyar la econom\u00eda de las familias que m\u00e1s lo requieren.<\/p>\n\n\n\n<p>De igual forma, las personas asistentes compartieron propuestas y observaciones orientadas a fortalecer la reforma, destacando la importancia de impulsar pol\u00edticas p\u00fablicas con enfoque social que contribuyan a mejorar la calidad de vida de la poblaci\u00f3n. Asistieron representantes del Ayuntamiento de Caborca, de los ayuntamientos de Pitiquito , S\u00e1ric, Altar, Tubutama, Benjam\u00edn Hill, y miembros de la sociedad civil.<\/p>\n\n\n\n<p class=\"has-text-align-center\"><img loading=\"lazy\" decoding=\"async\" width=\"500\" height=\"272\" class=\"wp-image-29516\" style=\"width: 500px;\" src=\"https:\/\/elreporterodelacomunidad.com\/wp-content\/uploads\/2026\/04\/68d925d9-6fa9-46d0-9328-83237cb440fd.jpg\" alt=\"\" srcset=\"https:\/\/elreporterodelacomunidad.com\/wp-content\/uploads\/2026\/04\/68d925d9-6fa9-46d0-9328-83237cb440fd.jpg 1600w, https:\/\/elreporterodelacomunidad.com\/wp-content\/uploads\/2026\/04\/68d925d9-6fa9-46d0-9328-83237cb440fd-300x163.jpg 300w, https:\/\/elreporterodelacomunidad.com\/wp-content\/uploads\/2026\/04\/68d925d9-6fa9-46d0-9328-83237cb440fd-1024x557.jpg 1024w, https:\/\/elreporterodelacomunidad.com\/wp-content\/uploads\/2026\/04\/68d925d9-6fa9-46d0-9328-83237cb440fd-768x418.jpg 768w, https:\/\/elreporterodelacomunidad.com\/wp-content\/uploads\/2026\/04\/68d925d9-6fa9-46d0-9328-83237cb440fd-1536x835.jpg 1536w, https:\/\/elreporterodelacomunidad.com\/wp-content\/uploads\/2026\/04\/68d925d9-6fa9-46d0-9328-83237cb440fd-750x408.jpg 750w, https:\/\/elreporterodelacomunidad.com\/wp-content\/uploads\/2026\/04\/68d925d9-6fa9-46d0-9328-83237cb440fd-1140x620.jpg 1140w\" sizes=\"auto, (max-width: 500px) 100vw, 500px\" \/><\/p>\n","protected":false},"excerpt":{"rendered":"<p>Caborca, Sonora; 24 de abril de 2026.-&nbsp;La Comisi\u00f3n de Bienestar del Congreso del Estado llev\u00f3 a cabo en Caborca el tercer foro de consulta ciudadana relacionado con la Ley de Tarifa Social, con el objetivo de escuchar opiniones y fortalecer la participaci\u00f3n ciudadana. La diputada Mar\u00eda Eduwiges Espinoza Tapia estuvo acompa\u00f1ada en este tercer ejercicio [&hellip;]<\/p>\n","protected":false},"author":4,"featured_media":0,"comment_status":"open","ping_status":"open","sticky":false,"template":"","format":"standard","meta":{"footnotes":""},"categories":[39],"tags":[],"class_list":["post-29515","post","type-post","status-publish","format-standard","hentry","category-politica"],"_links":{"self":[{"href":"https:\/\/elreporterodelacomunidad.com\/index.php\/wp-json\/wp\/v2\/posts\/29515","targetHints":{"allow":["GET"]}}],"collection":[{"href":"https:\/\/elreporterodelacomunidad.com\/index.php\/wp-json\/wp\/v2\/posts"}],"about":[{"href":"https:\/\/elreporterodelacomunidad.com\/index.php\/wp-json\/wp\/v2\/types\/post"}],"author":[{"embeddable":true,"href":"https:\/\/elreporterodelacomunidad.com\/index.php\/wp-json\/wp\/v2\/users\/4"}],"replies":[{"embeddable":true,"href":"https:\/\/elreporterodelacomunidad.com\/index.php\/wp-json\/wp\/v2\/comments?post=29515"}],"version-history":[{"count":1,"href":"https:\/\/elreporterodelacomunidad.com\/index.php\/wp-json\/wp\/v2\/posts\/29515\/revisions"}],"predecessor-version":[{"id":29517,"href":"https:\/\/elreporterodelacomunidad.com\/index.php\/wp-json\/wp\/v2\/posts\/29515\/revisions\/29517"}],"wp:attachment":[{"href":"https:\/\/elreporterodelacomunidad.com\/index.php\/wp-json\/wp\/v2\/media?parent=29515"}],"wp:term":[{"taxonomy":"category","embeddable":true,"href":"https:\/\/elreporterodelacomunidad.com\/index.php\/wp-json\/wp\/v2\/categories?post=29515"},{"taxonomy":"post_tag","embeddable":true,"href":"https:\/\/elreporterodelacomunidad.com\/index.php\/wp-json\/wp\/v2\/tags?post=29515"}],"curies":[{"name":"wp","href":"https:\/\/api.w.org\/{rel}","templated":true}]}}