{"id":29512,"date":"2026-04-24T20:45:38","date_gmt":"2026-04-25T03:45:38","guid":{"rendered":"https:\/\/elreporterodelacomunidad.com\/?p=29512"},"modified":"2026-04-24T20:45:41","modified_gmt":"2026-04-25T03:45:41","slug":"acuerdan-en-comision-no-iniciar-procedimiento-de-juicio-politico-contra-servidores-publicos","status":"publish","type":"post","link":"https:\/\/elreporterodelacomunidad.com\/index.php\/2026\/04\/24\/acuerdan-en-comision-no-iniciar-procedimiento-de-juicio-politico-contra-servidores-publicos\/","title":{"rendered":"Acuerdan en comisi\u00f3n no iniciar procedimiento de juicio pol\u00edtico contra servidores p\u00fablicos"},"content":{"rendered":"\n<p><strong>Hermosillo, Sonora; 24 de abril de 2026.-<\/strong>&nbsp;El Congreso del Estado de Sonora, a trav\u00e9s de la Comisi\u00f3n de Gobernaci\u00f3n y Puntos Constitucionales, aprob\u00f3 no iniciar el procedimiento de juicio pol\u00edtico en contra de diversos funcionarios p\u00fablicos.<\/p>\n\n\n\n<p>El diputado Julio C\u00e9sar Navarro Contreras (Morena), presidente del \u00f3rgano colegiado, puso a consideraci\u00f3n la denuncia presentada por el ciudadano Joel Alonso Montes L\u00f3pez, para iniciar juicio pol\u00edtico contra diversos servidores p\u00fablicos por presuntas violaciones a sus derechos humanos.<\/p>\n\n\n\n<p>Durante el an\u00e1lisis, las legisladoras y legisladores determinaron que la denuncia y las pruebas ofrecidas no ameritan el inicio del procedimiento de juicio pol\u00edtico en contra de los servidores p\u00fablicos se\u00f1alados en la referida denuncia.<\/p>\n\n\n\n<p>A la reuni\u00f3n asistieron las diputadas Ernestina Castro Valenzuela (Morena) y Mar\u00eda Karina Olivares R\u00e1bago (PES), y el diputado David Figueroa Ortega (PVEM).<\/p>\n","protected":false},"excerpt":{"rendered":"<p>Hermosillo, Sonora; 24 de abril de 2026.-&nbsp;El Congreso del Estado de Sonora, a trav\u00e9s de la Comisi\u00f3n de Gobernaci\u00f3n y Puntos Constitucionales, aprob\u00f3 no iniciar el procedimiento de juicio pol\u00edtico en contra de diversos funcionarios p\u00fablicos. El diputado Julio C\u00e9sar Navarro Contreras (Morena), presidente del \u00f3rgano colegiado, puso a consideraci\u00f3n la denuncia presentada por el [&hellip;]<\/p>\n","protected":false},"author":4,"featured_media":29513,"comment_status":"open","ping_status":"open","sticky":false,"template":"","format":"standard","meta":{"footnotes":""},"categories":[39],"tags":[],"class_list":["post-29512","post","type-post","status-publish","format-standard","has-post-thumbnail","hentry","category-politica"],"_links":{"self":[{"href":"https:\/\/elreporterodelacomunidad.com\/index.php\/wp-json\/wp\/v2\/posts\/29512","targetHints":{"allow":["GET"]}}],"collection":[{"href":"https:\/\/elreporterodelacomunidad.com\/index.php\/wp-json\/wp\/v2\/posts"}],"about":[{"href":"https:\/\/elreporterodelacomunidad.com\/index.php\/wp-json\/wp\/v2\/types\/post"}],"author":[{"embeddable":true,"href":"https:\/\/elreporterodelacomunidad.com\/index.php\/wp-json\/wp\/v2\/users\/4"}],"replies":[{"embeddable":true,"href":"https:\/\/elreporterodelacomunidad.com\/index.php\/wp-json\/wp\/v2\/comments?post=29512"}],"version-history":[{"count":1,"href":"https:\/\/elreporterodelacomunidad.com\/index.php\/wp-json\/wp\/v2\/posts\/29512\/revisions"}],"predecessor-version":[{"id":29514,"href":"https:\/\/elreporterodelacomunidad.com\/index.php\/wp-json\/wp\/v2\/posts\/29512\/revisions\/29514"}],"wp:featuredmedia":[{"embeddable":true,"href":"https:\/\/elreporterodelacomunidad.com\/index.php\/wp-json\/wp\/v2\/media\/29513"}],"wp:attachment":[{"href":"https:\/\/elreporterodelacomunidad.com\/index.php\/wp-json\/wp\/v2\/media?parent=29512"}],"wp:term":[{"taxonomy":"category","embeddable":true,"href":"https:\/\/elreporterodelacomunidad.com\/index.php\/wp-json\/wp\/v2\/categories?post=29512"},{"taxonomy":"post_tag","embeddable":true,"href":"https:\/\/elreporterodelacomunidad.com\/index.php\/wp-json\/wp\/v2\/tags?post=29512"}],"curies":[{"name":"wp","href":"https:\/\/api.w.org\/{rel}","templated":true}]}}