{"id":29508,"date":"2026-04-24T20:43:57","date_gmt":"2026-04-25T03:43:57","guid":{"rendered":"https:\/\/elreporterodelacomunidad.com\/?p=29508"},"modified":"2026-04-24T20:44:01","modified_gmt":"2026-04-25T03:44:01","slug":"invita-gobierno-de-sonora-a-celebrar-el-dia-de-la-nina-y-el-nino-en-el-parque-infantil","status":"publish","type":"post","link":"https:\/\/elreporterodelacomunidad.com\/index.php\/2026\/04\/24\/invita-gobierno-de-sonora-a-celebrar-el-dia-de-la-nina-y-el-nino-en-el-parque-infantil\/","title":{"rendered":"Invita Gobierno de Sonora a celebrar el D\u00eda de la Ni\u00f1a y el Ni\u00f1o en el Parque Infantil"},"content":{"rendered":"\n<p>Hermosillo, Sonora; 24 de abril de 2026.\u2013 Un espacio lleno de alegr\u00eda y convivencia familiar se prepara en el Parque Infantil, donde el Gobierno de Sonora, a trav\u00e9s del Sistema para el Desarrollo Integral de la Familia (DIF Sonora), invita a ni\u00f1as, ni\u00f1os y sus familias a disfrutar del festejo por el D\u00eda de la Ni\u00f1a y el Ni\u00f1o.<\/p>\n\n\n\n<p>Como parte de esta celebraci\u00f3n, el Gobierno de Sonora ofrecer\u00e1 acceso gratuito para todas las ni\u00f1as y ni\u00f1os, con una tarde pensada para el disfrute de las y los asistentes, en un ambiente seguro, incluyente y familiar.<\/p>\n\n\n\n<p>La directora general de DIF Sonora, Lizeth V\u00e1squez Ochoa, reiter\u00f3 la invitaci\u00f3n a las familias sonorenses para sumarse a esta celebraci\u00f3n y compartir un momento especial que fortalezca los lazos familiares y promueva espacios de bienestar para la ni\u00f1ez.<\/p>\n\n\n\n<p>Las actividades especiales est\u00e1n contempladas de 4:00 a 8:00 p. m., con teatro, juegos, \u00e1rea de arte y pintura, m\u00fasica y din\u00e1micas recreativas que fomentan la creatividad, la convivencia y el desarrollo integral de ni\u00f1as y ni\u00f1os. La apertura del Parque Infantil ser\u00e1 en horario regular a las 12 horas. El Gobierno de Sonora invita a las familias a disfrutar de este d\u00eda en entornos positivos y accesibles para todas las familias.<\/p>\n\n\n\n<p class=\"has-text-align-center\"><img loading=\"lazy\" decoding=\"async\" width=\"400\" height=\"401\" class=\"wp-image-29510\" style=\"width: 400px;\" src=\"https:\/\/elreporterodelacomunidad.com\/wp-content\/uploads\/2026\/04\/1001041172-1.jpg\" alt=\"\" srcset=\"https:\/\/elreporterodelacomunidad.com\/wp-content\/uploads\/2026\/04\/1001041172-1.jpg 974w, https:\/\/elreporterodelacomunidad.com\/wp-content\/uploads\/2026\/04\/1001041172-1-300x300.jpg 300w, https:\/\/elreporterodelacomunidad.com\/wp-content\/uploads\/2026\/04\/1001041172-1-150x150.jpg 150w, https:\/\/elreporterodelacomunidad.com\/wp-content\/uploads\/2026\/04\/1001041172-1-768x770.jpg 768w, https:\/\/elreporterodelacomunidad.com\/wp-content\/uploads\/2026\/04\/1001041172-1-75x75.jpg 75w, https:\/\/elreporterodelacomunidad.com\/wp-content\/uploads\/2026\/04\/1001041172-1-350x350.jpg 350w, https:\/\/elreporterodelacomunidad.com\/wp-content\/uploads\/2026\/04\/1001041172-1-750x752.jpg 750w\" sizes=\"auto, (max-width: 400px) 100vw, 400px\" \/><\/p>\n","protected":false},"excerpt":{"rendered":"<p>Hermosillo, Sonora; 24 de abril de 2026.\u2013 Un espacio lleno de alegr\u00eda y convivencia familiar se prepara en el Parque Infantil, donde el Gobierno de Sonora, a trav\u00e9s del Sistema para el Desarrollo Integral de la Familia (DIF Sonora), invita a ni\u00f1as, ni\u00f1os y sus familias a disfrutar del festejo por el D\u00eda de la [&hellip;]<\/p>\n","protected":false},"author":4,"featured_media":29509,"comment_status":"open","ping_status":"open","sticky":false,"template":"","format":"standard","meta":{"footnotes":""},"categories":[36],"tags":[],"class_list":["post-29508","post","type-post","status-publish","format-standard","has-post-thumbnail","hentry","category-educacion"],"_links":{"self":[{"href":"https:\/\/elreporterodelacomunidad.com\/index.php\/wp-json\/wp\/v2\/posts\/29508","targetHints":{"allow":["GET"]}}],"collection":[{"href":"https:\/\/elreporterodelacomunidad.com\/index.php\/wp-json\/wp\/v2\/posts"}],"about":[{"href":"https:\/\/elreporterodelacomunidad.com\/index.php\/wp-json\/wp\/v2\/types\/post"}],"author":[{"embeddable":true,"href":"https:\/\/elreporterodelacomunidad.com\/index.php\/wp-json\/wp\/v2\/users\/4"}],"replies":[{"embeddable":true,"href":"https:\/\/elreporterodelacomunidad.com\/index.php\/wp-json\/wp\/v2\/comments?post=29508"}],"version-history":[{"count":1,"href":"https:\/\/elreporterodelacomunidad.com\/index.php\/wp-json\/wp\/v2\/posts\/29508\/revisions"}],"predecessor-version":[{"id":29511,"href":"https:\/\/elreporterodelacomunidad.com\/index.php\/wp-json\/wp\/v2\/posts\/29508\/revisions\/29511"}],"wp:featuredmedia":[{"embeddable":true,"href":"https:\/\/elreporterodelacomunidad.com\/index.php\/wp-json\/wp\/v2\/media\/29509"}],"wp:attachment":[{"href":"https:\/\/elreporterodelacomunidad.com\/index.php\/wp-json\/wp\/v2\/media?parent=29508"}],"wp:term":[{"taxonomy":"category","embeddable":true,"href":"https:\/\/elreporterodelacomunidad.com\/index.php\/wp-json\/wp\/v2\/categories?post=29508"},{"taxonomy":"post_tag","embeddable":true,"href":"https:\/\/elreporterodelacomunidad.com\/index.php\/wp-json\/wp\/v2\/tags?post=29508"}],"curies":[{"name":"wp","href":"https:\/\/api.w.org\/{rel}","templated":true}]}}