{"id":295,"date":"2024-05-06T00:00:00","date_gmt":"2024-05-06T07:00:00","guid":{"rendered":"https:\/\/elreporterodelacomunidad.com\/index.php\/2024\/05\/06\/cristina-rivera-garza-gana-el-premio-pulitzer-2024-por-el-invencible-verano-de-liliana\/"},"modified":"2024-05-18T21:56:17","modified_gmt":"2024-05-19T04:56:17","slug":"cristina-rivera-garza-gana-el-premio-pulitzer-2024-por-el-invencible-verano-de-liliana","status":"publish","type":"post","link":"https:\/\/elreporterodelacomunidad.com\/index.php\/2024\/05\/06\/cristina-rivera-garza-gana-el-premio-pulitzer-2024-por-el-invencible-verano-de-liliana\/","title":{"rendered":"Cristina Rivera Garza gana el Premio Pulitzer 2024 por &#8220;El invencible Verano de Liliana&#8221;"},"content":{"rendered":"<p class=\"MsoNormal\">La escritora mexicana Cristina Rivera Garza fue galardonada con un premio Pulitzer por su libro &#8220;El invencible verano de Liliana&#8221;, en el que narra la historia de su hermana v\u00edctima de feminicidio.<\/p>\n<p class=\"MsoNormal\">\n<p class=\"MsoNormal\">A trav\u00e9s de su cuenta de X, los Premios Pulitzer felicitaron a la escritora mexicana, quien recibi\u00f3 el galard\u00f3n en la categor\u00eda &#8220;Memorias o Autobiograf\u00edas&#8221;.<\/p>\n<p class=\"MsoNormal\">En su libro, Cristina cuenta la historia de su hermana Liliana Rivera Garza, quien fue v\u00edctima de feminicidio cuando apenas ten\u00eda 20 a\u00f1os de edad. Ella era estudiante de arquitectura e intentaba terminar una relaci\u00f3n poco sana con un novio de la preparatoria que ejerc\u00eda sobre ella violencia y control. El asesinato ocurri\u00f3 semanas antes de que la joven volara a Inglaterra para continuar sus estudios.<\/p>\n<p class=\"MsoNormal\">\u201cEste es un libro que hab\u00eda intentado escribir muchas veces antes y para el que nunca hab\u00eda encontrado el lenguaje preciso para contar una historia tan compleja. Ahora yo creo que se juntaron una serie de circunstancias para que esta vez s\u00ed se lograra hacer&#8221;, dijo en una entrevista.<\/p>\n<p class=\"MsoNormal\">\u00bfQui\u00e9n es Cristina Rivera Garza?<\/p>\n<p class=\"MsoNormal\">Cristina Rivera Garza naci\u00f3 el 1 de octubre de 1964 en Matamoros, Tamaulipas. Estudi\u00f3 sociolog\u00eda en la Facultad de Estudios Superiores Acatl\u00e1n de la Universidad Nacional Aut\u00f3noma de M\u00e9xico (UNAM), as\u00ed como estudios de Maestr\u00eda y Doctorado en Historia Latinoamericana en la Universidad de Houston, donde tambi\u00e9n es profesora distinguida y fundadora del doctorado en Escritura Creativa en Espa\u00f1ol.<\/p>\n<p class=\"MsoNormal\">En su trayectoria como escritora, Rivera Garza suma m\u00e1s de una decena de libros publicados de g\u00e9neros variados entre los que se puede encontrar cuento, ensayo, novela y poes\u00eda.<\/p>\n<p class=\"MsoNormal\">Algunos de los galardones que ha obtenido por sus textos son los Premios Sor Juana In\u00e9s de la Cruz 1997, Excelencia en las Letras Jos\u00e9 Emilio Pacheco 2017, Shirley Jackson 2018, Donoso 2021, Nuevo Le\u00f3n Alfonso Reyes 2021, Mazatl\u00e1n 2021, adem\u00e1s de haber sido acreedora a la beca MacArthur 2020-2025.<\/p>\n","protected":false},"excerpt":{"rendered":"<p>La escritora mexicana fue reconocida por el libro donde narra la historia de su hermana v\u00edctima de feminicidio.<\/p>\n","protected":false},"author":1,"featured_media":714,"comment_status":"open","ping_status":"open","sticky":false,"template":"","format":"standard","meta":{"footnotes":""},"categories":[29],"tags":[],"class_list":["post-295","post","type-post","status-publish","format-standard","has-post-thumbnail","hentry","category-principalsecundaria"],"_links":{"self":[{"href":"https:\/\/elreporterodelacomunidad.com\/index.php\/wp-json\/wp\/v2\/posts\/295","targetHints":{"allow":["GET"]}}],"collection":[{"href":"https:\/\/elreporterodelacomunidad.com\/index.php\/wp-json\/wp\/v2\/posts"}],"about":[{"href":"https:\/\/elreporterodelacomunidad.com\/index.php\/wp-json\/wp\/v2\/types\/post"}],"author":[{"embeddable":true,"href":"https:\/\/elreporterodelacomunidad.com\/index.php\/wp-json\/wp\/v2\/users\/1"}],"replies":[{"embeddable":true,"href":"https:\/\/elreporterodelacomunidad.com\/index.php\/wp-json\/wp\/v2\/comments?post=295"}],"version-history":[{"count":1,"href":"https:\/\/elreporterodelacomunidad.com\/index.php\/wp-json\/wp\/v2\/posts\/295\/revisions"}],"predecessor-version":[{"id":713,"href":"https:\/\/elreporterodelacomunidad.com\/index.php\/wp-json\/wp\/v2\/posts\/295\/revisions\/713"}],"wp:featuredmedia":[{"embeddable":true,"href":"https:\/\/elreporterodelacomunidad.com\/index.php\/wp-json\/wp\/v2\/media\/714"}],"wp:attachment":[{"href":"https:\/\/elreporterodelacomunidad.com\/index.php\/wp-json\/wp\/v2\/media?parent=295"}],"wp:term":[{"taxonomy":"category","embeddable":true,"href":"https:\/\/elreporterodelacomunidad.com\/index.php\/wp-json\/wp\/v2\/categories?post=295"},{"taxonomy":"post_tag","embeddable":true,"href":"https:\/\/elreporterodelacomunidad.com\/index.php\/wp-json\/wp\/v2\/tags?post=295"}],"curies":[{"name":"wp","href":"https:\/\/api.w.org\/{rel}","templated":true}]}}