{"id":29497,"date":"2026-04-24T20:04:56","date_gmt":"2026-04-25T03:04:56","guid":{"rendered":"https:\/\/elreporterodelacomunidad.com\/?p=29497"},"modified":"2026-04-24T20:04:59","modified_gmt":"2026-04-25T03:04:59","slug":"suman-tono-astiazaran-y-patty-ruibal-a-mas-de-mil-estudiantes-de-la-secundaria-no-24-en-la-prevencion-de-adicciones","status":"publish","type":"post","link":"https:\/\/elreporterodelacomunidad.com\/index.php\/2026\/04\/24\/suman-tono-astiazaran-y-patty-ruibal-a-mas-de-mil-estudiantes-de-la-secundaria-no-24-en-la-prevencion-de-adicciones\/","title":{"rendered":"Suman To\u00f1o Astiazar\u00e1n y Patty Ruibal a m\u00e1s de mil estudiantes de la Secundaria No. 24 en la prevenci\u00f3n de adicciones"},"content":{"rendered":"\n<p>Agradecieron a la comunidad escolar de la secundaria estatal n\u00famero 24 &#8220;Alejandro Sotelo Burruel&#8221;, por abrir la puerta a esta estrategia municipal.<\/p>\n\n\n\n<p>Hermosillo, Sonora; 24 de abril, 2026.- Un total de mil 99 alumnas y alumnos de la secundaria estatal n\u00famero 24 &#8220;Alejandro Sotelo Burruel&#8221;, se graduaron como la primera generaci\u00f3n que se prepar\u00f3 para una vida libre de adicciones a trav\u00e9s de la estrategia \u201cAdvertencia\u201d de DIF Hermosillo y la asociaci\u00f3n civil Amor y Convicci\u00f3n, evento que atestiguaron el presidente municipal Antonio Astiazar\u00e1n Guti\u00e9rrez y su esposa Patricia Ruibal Zaragoza, presidenta de DIF Hermosillo.<\/p>\n\n\n\n<p>\u201cF\u00edjense como literalmente nos abrieron la puerta de esta escuela secundaria para cerrarle las puertas a la drogadicci\u00f3n y a las adicciones, y por eso les agradecemos infinitamente\u201d, expres\u00f3 To\u00f1o Astiazar\u00e1n ante estudiantes, docentes, directivos y padres de familia.<\/p>\n\n\n\n<p>To\u00f1o Astiazar\u00e1n manifest\u00f3 que actualmente suele d\u00e1rsele a los &#8220;likes&#8221; en redes sociales una importancia que realmente no tienen, cuando lo que verdaderamente importa es c\u00f3mo se sienten, c\u00f3mo se llevan con sus familias y c\u00f3mo padres y escuelas pueden procurarles una mejor formaci\u00f3n.<\/p>\n\n\n\n<p>Madeleine Bonnafoux Alcaraz, directora general de DIF Hermosillo acompa\u00f1ada de Omar \u201cTato&#8221; Balderrama, director de la fundaci\u00f3n Amor y Convicci\u00f3n, hizo notar al estudiantado que las herramientas de vida desarrolladas con el programa \u201cAdvertencia\u201d tienen un prop\u00f3sito muy noble que es evitar que las adicciones y malas decisiones les impidan lograr sus metas y sue\u00f1os.<\/p>\n\n\n\n<p>\u201cPatty y To\u00f1o creen en ustedes, creen que ustedes pueden llegar lejos y por eso quisieron ayudar para que tengan toda esta informaci\u00f3n que sabemos que los hacen ya mucho mejores personas\u201d, afirm\u00f3.<\/p>\n\n\n\n<p>El director del plantel, Mart\u00edn Armando Landavazos Moreno, recibi\u00f3 a las autoridades municipales acompa\u00f1ado por la madre de familia Vianney Germ\u00e1n Montero y el alumno Isaac Daniel Garc\u00eda Mart\u00ednez, quienes coincidieron en un testimonio de agradecimiento por el impacto positivo de las capacitaciones recibidas.<\/p>\n\n\n\n<p>Como parte del encuentro se entregaron reconocimientos especiales a Luciana Castillo, Flores Jos\u00e9 Mar\u00eda Quintana Mata y Sebasti\u00e1n Mac\u00edas de la Rosa, por su papel sobresaliente en las 30 sesiones del programa \u201cAdvertencia\u201d, el cual ya se ha llevado a 10 escuelas durante 2025, beneficiando a 10 mil 156 estudiantes.<\/p>\n\n\n\n<p class=\"has-text-align-center\"><img loading=\"lazy\" decoding=\"async\" width=\"500\" height=\"333\" class=\"wp-image-29499\" style=\"width: 500px;\" src=\"https:\/\/elreporterodelacomunidad.com\/wp-content\/uploads\/2026\/04\/54cb4296-bfff-47be-b545-f37f5a8e2b8c.jpg\" alt=\"\" srcset=\"https:\/\/elreporterodelacomunidad.com\/wp-content\/uploads\/2026\/04\/54cb4296-bfff-47be-b545-f37f5a8e2b8c.jpg 1280w, https:\/\/elreporterodelacomunidad.com\/wp-content\/uploads\/2026\/04\/54cb4296-bfff-47be-b545-f37f5a8e2b8c-300x200.jpg 300w, https:\/\/elreporterodelacomunidad.com\/wp-content\/uploads\/2026\/04\/54cb4296-bfff-47be-b545-f37f5a8e2b8c-1024x682.jpg 1024w, https:\/\/elreporterodelacomunidad.com\/wp-content\/uploads\/2026\/04\/54cb4296-bfff-47be-b545-f37f5a8e2b8c-768x511.jpg 768w, https:\/\/elreporterodelacomunidad.com\/wp-content\/uploads\/2026\/04\/54cb4296-bfff-47be-b545-f37f5a8e2b8c-750x499.jpg 750w, https:\/\/elreporterodelacomunidad.com\/wp-content\/uploads\/2026\/04\/54cb4296-bfff-47be-b545-f37f5a8e2b8c-1140x759.jpg 1140w\" sizes=\"auto, (max-width: 500px) 100vw, 500px\" \/><\/p>\n","protected":false},"excerpt":{"rendered":"<p>Agradecieron a la comunidad escolar de la secundaria estatal n\u00famero 24 &#8220;Alejandro Sotelo Burruel&#8221;, por abrir la puerta a esta estrategia municipal. Hermosillo, Sonora; 24 de abril, 2026.- Un total de mil 99 alumnas y alumnos de la secundaria estatal n\u00famero 24 &#8220;Alejandro Sotelo Burruel&#8221;, se graduaron como la primera generaci\u00f3n que se prepar\u00f3 para [&hellip;]<\/p>\n","protected":false},"author":4,"featured_media":29498,"comment_status":"open","ping_status":"open","sticky":false,"template":"","format":"standard","meta":{"footnotes":""},"categories":[34,26],"tags":[],"class_list":["post-29497","post","type-post","status-publish","format-standard","has-post-thumbnail","hentry","category-general","category-principal"],"_links":{"self":[{"href":"https:\/\/elreporterodelacomunidad.com\/index.php\/wp-json\/wp\/v2\/posts\/29497","targetHints":{"allow":["GET"]}}],"collection":[{"href":"https:\/\/elreporterodelacomunidad.com\/index.php\/wp-json\/wp\/v2\/posts"}],"about":[{"href":"https:\/\/elreporterodelacomunidad.com\/index.php\/wp-json\/wp\/v2\/types\/post"}],"author":[{"embeddable":true,"href":"https:\/\/elreporterodelacomunidad.com\/index.php\/wp-json\/wp\/v2\/users\/4"}],"replies":[{"embeddable":true,"href":"https:\/\/elreporterodelacomunidad.com\/index.php\/wp-json\/wp\/v2\/comments?post=29497"}],"version-history":[{"count":1,"href":"https:\/\/elreporterodelacomunidad.com\/index.php\/wp-json\/wp\/v2\/posts\/29497\/revisions"}],"predecessor-version":[{"id":29500,"href":"https:\/\/elreporterodelacomunidad.com\/index.php\/wp-json\/wp\/v2\/posts\/29497\/revisions\/29500"}],"wp:featuredmedia":[{"embeddable":true,"href":"https:\/\/elreporterodelacomunidad.com\/index.php\/wp-json\/wp\/v2\/media\/29498"}],"wp:attachment":[{"href":"https:\/\/elreporterodelacomunidad.com\/index.php\/wp-json\/wp\/v2\/media?parent=29497"}],"wp:term":[{"taxonomy":"category","embeddable":true,"href":"https:\/\/elreporterodelacomunidad.com\/index.php\/wp-json\/wp\/v2\/categories?post=29497"},{"taxonomy":"post_tag","embeddable":true,"href":"https:\/\/elreporterodelacomunidad.com\/index.php\/wp-json\/wp\/v2\/tags?post=29497"}],"curies":[{"name":"wp","href":"https:\/\/api.w.org\/{rel}","templated":true}]}}