{"id":29494,"date":"2026-04-24T20:02:20","date_gmt":"2026-04-25T03:02:20","guid":{"rendered":"https:\/\/elreporterodelacomunidad.com\/?p=29494"},"modified":"2026-04-24T20:02:25","modified_gmt":"2026-04-25T03:02:25","slug":"se-une-ayuntamiento-de-hermosillo-a-la-semana-nacional-de-salud-con-modulos-de-vacunacion","status":"publish","type":"post","link":"https:\/\/elreporterodelacomunidad.com\/index.php\/2026\/04\/24\/se-une-ayuntamiento-de-hermosillo-a-la-semana-nacional-de-salud-con-modulos-de-vacunacion\/","title":{"rendered":"Se une Ayuntamiento de Hermosillo a la Semana Nacional de Salud con m\u00f3dulos de vacunaci\u00f3n"},"content":{"rendered":"\n<p>Este viernes 24 de abril se instal\u00f3 un puesto en el Palacio Municipal y del 27 al 30 de abril continuar\u00e1 el servicio en esta misma ubicaci\u00f3n y 8 sedes m\u00e1s.<\/p>\n\n\n\n<p>Hermosillo, Sonora; 24 de abril, 2026.- El Ayuntamiento de Hermosillo, a trav\u00e9s de Salud P\u00fablica Municipal, se sum\u00f3 a la Semana Nacional de Salud con la operaci\u00f3n de m\u00f3dulos de vacunaci\u00f3n universal para la aplicaci\u00f3n de diferentes inmunol\u00f3gicos seg\u00fan la necesidad de cada paciente, en colaboraci\u00f3n con la Secretar\u00eda de Salud del Estado de Sonora y el Gobierno Federal.<\/p>\n\n\n\n<p>Luis Becerra Hurtado, titular de la dependencia, explic\u00f3 que la ma\u00f1ana de este viernes 24 de abril se instalaron puestos de vacunaci\u00f3n por fuera del Palacio Municipal; en el Consultorio Municipal n\u00famero 2 en la colonia La Matanza; el Centro de Integraci\u00f3n Familiar (CIF) Las Lomas; la cl\u00ednica Salud H y Tesorer\u00eda Municipal, as\u00ed como en la jornada de servicios de salud efectuada en el parque Henry D. Thoreau, del fraccionamiento Quinta Esmeralda.<\/p>\n\n\n\n<p>En estas mismas locaciones se instalar\u00e1n m\u00f3dulos de vacunaci\u00f3n universal nuevamente del 27 al 30 de abril pr\u00f3ximos, en horario de 8:00 a las 14:30 horas y durante las jornadas de salud que tendr\u00e1n lugar el 28 de abril en la colonia Olivares y el Fraccionamiento Las Praderas, de las 9:00 a las 12:00 horas y el 29 de abril en la colonia El Apache con el mismo horario.<\/p>\n\n\n\n<p>Vacunas disponibles en estos m\u00f3dulos:<\/p>\n\n\n\n<ul class=\"wp-block-list\">\n<li>Hepatitis B ni\u00f1os y adultos;<\/li>\n\n\n\n<li>Hexavalente (difteria, tosferina, t\u00e9tanos, haemophilus influenzae, hepatitis b y polio) en ni\u00f1os de 18 meses, dos, cuatro, seis a\u00f1os.<\/li>\n\n\n\n<li>Neumoc\u00f3cica (para prevenir neumon\u00eda) a ni\u00f1os y adultos.<\/li>\n\n\n\n<li>Rotavirus (diarrea por rotavirus) a beb\u00e9s de 2 y 4 meses.<\/li>\n\n\n\n<li>DPT (difteria, tosferina y t\u00e9tanos) a ni\u00f1as y ni\u00f1os de 4 a\u00f1os.<\/li>\n\n\n\n<li>SRP (sarampi\u00f3n, rub\u00e9ola y parotiditis) a ni\u00f1as y ni\u00f1os de 1a\u00f1o y 1 a\u00f1o y medio.<\/li>\n\n\n\n<li>SR (sarampi\u00f3n y rub\u00e9ola) a adultos.<\/li>\n\n\n\n<li>Influenza, todas las edades.<\/li>\n\n\n\n<li>TDPA (difteria, tosferina y t\u00e9tanos acelular) a embarazadas.<\/li>\n<\/ul>\n","protected":false},"excerpt":{"rendered":"<p>Este viernes 24 de abril se instal\u00f3 un puesto en el Palacio Municipal y del 27 al 30 de abril continuar\u00e1 el servicio en esta misma ubicaci\u00f3n y 8 sedes m\u00e1s. Hermosillo, Sonora; 24 de abril, 2026.- El Ayuntamiento de Hermosillo, a trav\u00e9s de Salud P\u00fablica Municipal, se sum\u00f3 a la Semana Nacional de Salud [&hellip;]<\/p>\n","protected":false},"author":4,"featured_media":29495,"comment_status":"open","ping_status":"open","sticky":false,"template":"","format":"standard","meta":{"footnotes":""},"categories":[38],"tags":[],"class_list":["post-29494","post","type-post","status-publish","format-standard","has-post-thumbnail","hentry","category-salud"],"_links":{"self":[{"href":"https:\/\/elreporterodelacomunidad.com\/index.php\/wp-json\/wp\/v2\/posts\/29494","targetHints":{"allow":["GET"]}}],"collection":[{"href":"https:\/\/elreporterodelacomunidad.com\/index.php\/wp-json\/wp\/v2\/posts"}],"about":[{"href":"https:\/\/elreporterodelacomunidad.com\/index.php\/wp-json\/wp\/v2\/types\/post"}],"author":[{"embeddable":true,"href":"https:\/\/elreporterodelacomunidad.com\/index.php\/wp-json\/wp\/v2\/users\/4"}],"replies":[{"embeddable":true,"href":"https:\/\/elreporterodelacomunidad.com\/index.php\/wp-json\/wp\/v2\/comments?post=29494"}],"version-history":[{"count":1,"href":"https:\/\/elreporterodelacomunidad.com\/index.php\/wp-json\/wp\/v2\/posts\/29494\/revisions"}],"predecessor-version":[{"id":29496,"href":"https:\/\/elreporterodelacomunidad.com\/index.php\/wp-json\/wp\/v2\/posts\/29494\/revisions\/29496"}],"wp:featuredmedia":[{"embeddable":true,"href":"https:\/\/elreporterodelacomunidad.com\/index.php\/wp-json\/wp\/v2\/media\/29495"}],"wp:attachment":[{"href":"https:\/\/elreporterodelacomunidad.com\/index.php\/wp-json\/wp\/v2\/media?parent=29494"}],"wp:term":[{"taxonomy":"category","embeddable":true,"href":"https:\/\/elreporterodelacomunidad.com\/index.php\/wp-json\/wp\/v2\/categories?post=29494"},{"taxonomy":"post_tag","embeddable":true,"href":"https:\/\/elreporterodelacomunidad.com\/index.php\/wp-json\/wp\/v2\/tags?post=29494"}],"curies":[{"name":"wp","href":"https:\/\/api.w.org\/{rel}","templated":true}]}}