{"id":29487,"date":"2026-04-24T19:49:15","date_gmt":"2026-04-25T02:49:15","guid":{"rendered":"https:\/\/elreporterodelacomunidad.com\/?p=29487"},"modified":"2026-04-24T19:49:18","modified_gmt":"2026-04-25T02:49:18","slug":"avanza-intervencion-mural-en-el-paso-a-desnivel-de-colosio-y-solidaridad-en-hermosillo","status":"publish","type":"post","link":"https:\/\/elreporterodelacomunidad.com\/index.php\/2026\/04\/24\/avanza-intervencion-mural-en-el-paso-a-desnivel-de-colosio-y-solidaridad-en-hermosillo\/","title":{"rendered":"Avanza intervenci\u00f3n mural en el paso a desnivel de Colosio y Solidaridad en Hermosillo"},"content":{"rendered":"\n<p>El Colectivo Sangre del Desierto est\u00e1n a cargo de la obra pict\u00f3rica en los 4 paneles que la conforman.<\/p>\n\n\n\n<p>Hermosillo, Sonora; 24 de abril, 2026.- El colectivo de artistas visuales Sangre del Desierto trabajan intensamente en jornadas nocturnas, y con apoyo en seguridad vial, en la intervenci\u00f3n art\u00edstica en los muros del paso a desnivel de los bulevares Colosio y Solidaridad para convertirlo en un espacio de expresi\u00f3n cultural e identidad urbana.<\/p>\n\n\n\n<p>La directora del Instituto Municipal de Cultura y Arte (IMCA), Marianna Gonz\u00e1lez Gast\u00e9lum, destac\u00f3 la rapidez, profesionalismo y nivel de organizaci\u00f3n del colectivo a cargo de esta importante obra.<\/p>\n\n\n\n<p>\u201cEsto demuestra que en Hermosillo tenemos artistas que se han venido consolidando en la pr\u00e1ctica profesional del arte urbano\u201d, destac\u00f3.<\/p>\n\n\n\n<p>Mencion\u00f3 que las sesiones de ejecuci\u00f3n por parte de quienes conforman el colectivo son por las noches para minimizar riesgos, pero sin afectar la limpieza, el orden y la organizaci\u00f3n y ese trabajo se refleja en cada vez m\u00e1s formas y colores que quienes pasan por la zona pueden apreciar.<\/p>\n\n\n\n<p>\u201cHa sido un gran trabajo en equipo entre IMCA, Seguridad P\u00fablica, la Direcci\u00f3n de Infraestructura, IMPLAN y el mismo colectivo que por medio de convocatoria han tenido la oportunidad de llevar a cabo este proyecto\u201d, mencion\u00f3.<\/p>\n\n\n\n<p>La propuesta del Colectivo Sangre del Desierto fue seleccionada a partir de la convocatoria p\u00fablica que lanz\u00f3 el Ayuntamiento de Hermosillo, a trav\u00e9s de IMPLAN y del IMCA con el objetivo de fortalecer la identidad cultural, embellecer una de las principales infraestructuras viales de la ciudad y a la vez promover e incentivar el talento art\u00edstico hermosillense.<\/p>\n\n\n\n<p>Se pidi\u00f3 a todas y todos los concursantes incorporar en sus propuestas elementos como la flora y fauna de la regi\u00f3n, construcciones arquitect\u00f3nicas y naturales ic\u00f3nicas de Hermosillo, los colores que matizan los atardeceres y amaneceres en el desierto, arte, deporte, educaci\u00f3n, cultura, innovaci\u00f3n y tecnolog\u00eda, mencion\u00f3 Marianna Gonz\u00e1lez.<\/p>\n\n\n\n<p class=\"has-text-align-center\"><img loading=\"lazy\" decoding=\"async\" width=\"500\" height=\"333\" class=\"wp-image-29489\" style=\"width: 500px;\" src=\"https:\/\/elreporterodelacomunidad.com\/wp-content\/uploads\/2026\/04\/bb4fa9b9-48e5-46b5-a44c-c86012d234e5.jpg\" alt=\"\" srcset=\"https:\/\/elreporterodelacomunidad.com\/wp-content\/uploads\/2026\/04\/bb4fa9b9-48e5-46b5-a44c-c86012d234e5.jpg 1600w, https:\/\/elreporterodelacomunidad.com\/wp-content\/uploads\/2026\/04\/bb4fa9b9-48e5-46b5-a44c-c86012d234e5-300x200.jpg 300w, https:\/\/elreporterodelacomunidad.com\/wp-content\/uploads\/2026\/04\/bb4fa9b9-48e5-46b5-a44c-c86012d234e5-1024x683.jpg 1024w, https:\/\/elreporterodelacomunidad.com\/wp-content\/uploads\/2026\/04\/bb4fa9b9-48e5-46b5-a44c-c86012d234e5-768x512.jpg 768w, https:\/\/elreporterodelacomunidad.com\/wp-content\/uploads\/2026\/04\/bb4fa9b9-48e5-46b5-a44c-c86012d234e5-1536x1024.jpg 1536w, https:\/\/elreporterodelacomunidad.com\/wp-content\/uploads\/2026\/04\/bb4fa9b9-48e5-46b5-a44c-c86012d234e5-750x500.jpg 750w, https:\/\/elreporterodelacomunidad.com\/wp-content\/uploads\/2026\/04\/bb4fa9b9-48e5-46b5-a44c-c86012d234e5-1140x760.jpg 1140w\" sizes=\"auto, (max-width: 500px) 100vw, 500px\" \/><\/p>\n","protected":false},"excerpt":{"rendered":"<p>El Colectivo Sangre del Desierto est\u00e1n a cargo de la obra pict\u00f3rica en los 4 paneles que la conforman. Hermosillo, Sonora; 24 de abril, 2026.- El colectivo de artistas visuales Sangre del Desierto trabajan intensamente en jornadas nocturnas, y con apoyo en seguridad vial, en la intervenci\u00f3n art\u00edstica en los muros del paso a desnivel [&hellip;]<\/p>\n","protected":false},"author":4,"featured_media":29488,"comment_status":"open","ping_status":"open","sticky":false,"template":"","format":"standard","meta":{"footnotes":""},"categories":[34,26],"tags":[],"class_list":["post-29487","post","type-post","status-publish","format-standard","has-post-thumbnail","hentry","category-general","category-principal"],"_links":{"self":[{"href":"https:\/\/elreporterodelacomunidad.com\/index.php\/wp-json\/wp\/v2\/posts\/29487","targetHints":{"allow":["GET"]}}],"collection":[{"href":"https:\/\/elreporterodelacomunidad.com\/index.php\/wp-json\/wp\/v2\/posts"}],"about":[{"href":"https:\/\/elreporterodelacomunidad.com\/index.php\/wp-json\/wp\/v2\/types\/post"}],"author":[{"embeddable":true,"href":"https:\/\/elreporterodelacomunidad.com\/index.php\/wp-json\/wp\/v2\/users\/4"}],"replies":[{"embeddable":true,"href":"https:\/\/elreporterodelacomunidad.com\/index.php\/wp-json\/wp\/v2\/comments?post=29487"}],"version-history":[{"count":1,"href":"https:\/\/elreporterodelacomunidad.com\/index.php\/wp-json\/wp\/v2\/posts\/29487\/revisions"}],"predecessor-version":[{"id":29490,"href":"https:\/\/elreporterodelacomunidad.com\/index.php\/wp-json\/wp\/v2\/posts\/29487\/revisions\/29490"}],"wp:featuredmedia":[{"embeddable":true,"href":"https:\/\/elreporterodelacomunidad.com\/index.php\/wp-json\/wp\/v2\/media\/29488"}],"wp:attachment":[{"href":"https:\/\/elreporterodelacomunidad.com\/index.php\/wp-json\/wp\/v2\/media?parent=29487"}],"wp:term":[{"taxonomy":"category","embeddable":true,"href":"https:\/\/elreporterodelacomunidad.com\/index.php\/wp-json\/wp\/v2\/categories?post=29487"},{"taxonomy":"post_tag","embeddable":true,"href":"https:\/\/elreporterodelacomunidad.com\/index.php\/wp-json\/wp\/v2\/tags?post=29487"}],"curies":[{"name":"wp","href":"https:\/\/api.w.org\/{rel}","templated":true}]}}