{"id":29471,"date":"2026-04-24T19:31:54","date_gmt":"2026-04-25T02:31:54","guid":{"rendered":"https:\/\/elreporterodelacomunidad.com\/?p=29471"},"modified":"2026-04-24T19:31:57","modified_gmt":"2026-04-25T02:31:57","slug":"sec-presenta-segundo-concierto-de-temporada-de-la-ojusson","status":"publish","type":"post","link":"https:\/\/elreporterodelacomunidad.com\/index.php\/2026\/04\/24\/sec-presenta-segundo-concierto-de-temporada-de-la-ojusson\/","title":{"rendered":"SEC presenta segundo concierto de temporada de la Ojusson"},"content":{"rendered":"\n<p>Hermosillo, Sonora; 24 de abril de 2026.- La Secretar\u00eda de Educaci\u00f3n y Cultura (SEC) y el Instituto Sonorense de Cultura (ISC), realiz\u00f3 el segundo concierto de la primera temporada 2026 de la Orquesta Juvenil Sinf\u00f3nica de Sonora (Ojusson), en el Teatro de la Ciudad de la Casa de la Cultura de Sonora.<\/p>\n\n\n\n<p>Bajo la direcci\u00f3n de Omar Nava, el programa cont\u00f3 con la participaci\u00f3n de la violista Luc\u00eda Romero como solista invitada, en un concierto titulado Concierto de M\u00fasica Nueva, enfocado en la difusi\u00f3n de la creaci\u00f3n musical contempor\u00e1nea.<\/p>\n\n\n\n<p>El repertorio incluy\u00f3 obras de compositores sonorenses, con estrenos locales y nacionales.<br>Destac\u00f3 el estreno en M\u00e9xico de Cumbre y Bossa lenta, de Aldo Iv\u00e1n Cruz, as\u00ed como la obra Canto sin voz, de Luc\u00eda Romero. Tambi\u00e9n se presentaron en Hermosillo las composiciones Bolero mexicano, de Estrella Cabildo, y Tundra, de Nubia Jaime Donjuan.<\/p>\n\n\n\n<p>El Instituto Sonorense de Cultura impulsa la formaci\u00f3n y profesionalizaci\u00f3n de j\u00f3venes m\u00fasicos en el estado a trav\u00e9s de la Ojusson, adem\u00e1s de promover la interpretaci\u00f3n de repertorio contempor\u00e1neo y la difusi\u00f3n de nuevas propuestas sonoras. Consulta la agenda de actividades culturales de la entidad en cultura.sonora.edu.mx y en redes sociales a trav\u00e9s de @iscsonora.<\/p>\n\n\n\n<p class=\"has-text-align-center\"><img loading=\"lazy\" decoding=\"async\" width=\"500\" height=\"333\" class=\"wp-image-29473\" style=\"width: 500px;\" src=\"https:\/\/elreporterodelacomunidad.com\/wp-content\/uploads\/2026\/04\/e8aeeda4-ea13-41ad-8078-632994efd344.jpg\" alt=\"\" srcset=\"https:\/\/elreporterodelacomunidad.com\/wp-content\/uploads\/2026\/04\/e8aeeda4-ea13-41ad-8078-632994efd344.jpg 1600w, https:\/\/elreporterodelacomunidad.com\/wp-content\/uploads\/2026\/04\/e8aeeda4-ea13-41ad-8078-632994efd344-300x200.jpg 300w, https:\/\/elreporterodelacomunidad.com\/wp-content\/uploads\/2026\/04\/e8aeeda4-ea13-41ad-8078-632994efd344-1024x682.jpg 1024w, https:\/\/elreporterodelacomunidad.com\/wp-content\/uploads\/2026\/04\/e8aeeda4-ea13-41ad-8078-632994efd344-768x512.jpg 768w, https:\/\/elreporterodelacomunidad.com\/wp-content\/uploads\/2026\/04\/e8aeeda4-ea13-41ad-8078-632994efd344-1536x1023.jpg 1536w, https:\/\/elreporterodelacomunidad.com\/wp-content\/uploads\/2026\/04\/e8aeeda4-ea13-41ad-8078-632994efd344-750x500.jpg 750w, https:\/\/elreporterodelacomunidad.com\/wp-content\/uploads\/2026\/04\/e8aeeda4-ea13-41ad-8078-632994efd344-1140x760.jpg 1140w\" sizes=\"auto, (max-width: 500px) 100vw, 500px\" \/><\/p>\n","protected":false},"excerpt":{"rendered":"<p>Hermosillo, Sonora; 24 de abril de 2026.- La Secretar\u00eda de Educaci\u00f3n y Cultura (SEC) y el Instituto Sonorense de Cultura (ISC), realiz\u00f3 el segundo concierto de la primera temporada 2026 de la Orquesta Juvenil Sinf\u00f3nica de Sonora (Ojusson), en el Teatro de la Ciudad de la Casa de la Cultura de Sonora. Bajo la direcci\u00f3n [&hellip;]<\/p>\n","protected":false},"author":4,"featured_media":29472,"comment_status":"open","ping_status":"open","sticky":false,"template":"","format":"standard","meta":{"footnotes":""},"categories":[41],"tags":[],"class_list":["post-29471","post","type-post","status-publish","format-standard","has-post-thumbnail","hentry","category-cultura"],"_links":{"self":[{"href":"https:\/\/elreporterodelacomunidad.com\/index.php\/wp-json\/wp\/v2\/posts\/29471","targetHints":{"allow":["GET"]}}],"collection":[{"href":"https:\/\/elreporterodelacomunidad.com\/index.php\/wp-json\/wp\/v2\/posts"}],"about":[{"href":"https:\/\/elreporterodelacomunidad.com\/index.php\/wp-json\/wp\/v2\/types\/post"}],"author":[{"embeddable":true,"href":"https:\/\/elreporterodelacomunidad.com\/index.php\/wp-json\/wp\/v2\/users\/4"}],"replies":[{"embeddable":true,"href":"https:\/\/elreporterodelacomunidad.com\/index.php\/wp-json\/wp\/v2\/comments?post=29471"}],"version-history":[{"count":1,"href":"https:\/\/elreporterodelacomunidad.com\/index.php\/wp-json\/wp\/v2\/posts\/29471\/revisions"}],"predecessor-version":[{"id":29474,"href":"https:\/\/elreporterodelacomunidad.com\/index.php\/wp-json\/wp\/v2\/posts\/29471\/revisions\/29474"}],"wp:featuredmedia":[{"embeddable":true,"href":"https:\/\/elreporterodelacomunidad.com\/index.php\/wp-json\/wp\/v2\/media\/29472"}],"wp:attachment":[{"href":"https:\/\/elreporterodelacomunidad.com\/index.php\/wp-json\/wp\/v2\/media?parent=29471"}],"wp:term":[{"taxonomy":"category","embeddable":true,"href":"https:\/\/elreporterodelacomunidad.com\/index.php\/wp-json\/wp\/v2\/categories?post=29471"},{"taxonomy":"post_tag","embeddable":true,"href":"https:\/\/elreporterodelacomunidad.com\/index.php\/wp-json\/wp\/v2\/tags?post=29471"}],"curies":[{"name":"wp","href":"https:\/\/api.w.org\/{rel}","templated":true}]}}