{"id":29304,"date":"2026-04-16T10:33:41","date_gmt":"2026-04-16T17:33:41","guid":{"rendered":"https:\/\/elreporterodelacomunidad.com\/?p=29304"},"modified":"2026-04-16T10:35:16","modified_gmt":"2026-04-16T17:35:16","slug":"incorporacion-de-mil-295-especialistas-una-de-las-mejores-acciones-para-la-transformacion-del-issste-marti-batres","status":"publish","type":"post","link":"https:\/\/elreporterodelacomunidad.com\/index.php\/2026\/04\/16\/incorporacion-de-mil-295-especialistas-una-de-las-mejores-acciones-para-la-transformacion-del-issste-marti-batres\/","title":{"rendered":"Incorporaci\u00f3n de mil 295 especialistas, una de las mejores acciones para la transformaci\u00f3n del ISSSTE: Mart\u00ed Batres"},"content":{"rendered":"\n<p>\u25cf El director general del ISSSTE se\u00f1al\u00f3 que esta medida beneficiar\u00e1 a la derechohabiencia con el fortalecimiento de la consulta de especialidades y el aumento del n\u00famero de cirug\u00edas<br>\u25cf Subray\u00f3 que entre las especialidades que se reforzar\u00e1n, destaca anestesiolog\u00eda, medicina familiar, medicina interna, oncolog\u00eda, neurolog\u00eda, pediatr\u00eda, nefrolog\u00eda, urolog\u00eda, traumatolog\u00eda, urgenciolog\u00eda, por mencionar algunas<\/p>\n\n\n\n<p>Ciudad de M\u00e9xico, a 16 de abril de 2026.- El director general del Instituto de Seguridad y Servicios Sociales de los Trabajadores del Estado (ISSSTE), Mart\u00ed Batres Guadarrama, describi\u00f3 la incorporaci\u00f3n de mil 295 nuevas m\u00e9dicas y m\u00e9dicos especialistas como una de las mejores acciones realizadas para la transformaci\u00f3n del organismo, puesto que fortalecer\u00e1 la consulta de especialidades y el aumento del n\u00famero de cirug\u00edas.<\/p>\n\n\n\n<p>\u201cUna de las cosas m\u00e1s importantes que hemos hecho en este 2026 para la transformaci\u00f3n del ISSSTE es la incorporaci\u00f3n de mil 295 m\u00e9dicas y m\u00e9dicos de diversas especialidades. (\u2026) Eso nos va a permitir mejorar la consulta de especialidades y el n\u00famero de cirug\u00edas\u201d, destac\u00f3.<\/p>\n\n\n\n<p>Mart\u00ed Batres detall\u00f3 que las y los m\u00e9dicos contratados son expertos en 22 distintas especialidades, 34 subespecialidades y 18 altas especialidades (74 \u00e1reas en total), quienes han comenzado a integrarse en Hospitales Generales (HG), Regionales (HR), de Alta Especialidad (HRAE), Cl\u00ednicas Hospitales (CH), Cl\u00ednicas de Medicina Familiar (CMF), entre otros.<\/p>\n\n\n\n<p>\u201cPor ejemplo, anestesiolog\u00eda, medicina familiar, medicina interna, oncolog\u00eda, neurolog\u00eda, pediatr\u00eda, nefrolog\u00eda, urolog\u00eda, traumatolog\u00eda, urgenciolog\u00eda, epidemiolog\u00eda, imagenolog\u00eda, entre muchas otras\u201d, detall\u00f3.<\/p>\n\n\n\n<p>En el Segundo Piso de la Cuarta Transformaci\u00f3n, que encabeza la Presidenta Claudia Sheinbaum Pardo, el ISSSTE refrenda el compromiso de procurar el bienestar de la poblaci\u00f3n derechohabiente a trav\u00e9s de una atenci\u00f3n digna, oportuna y eficaz.<\/p>\n\n\n\n<p class=\"has-text-align-center\"><img loading=\"lazy\" decoding=\"async\" width=\"500\" height=\"410\" class=\"wp-image-29310\" style=\"width: 500px;\" src=\"https:\/\/elreporterodelacomunidad.com\/wp-content\/uploads\/2026\/04\/WhatsApp-Image-2026-04-16-at-10.06.54-3.jpeg\" alt=\"\" srcset=\"https:\/\/elreporterodelacomunidad.com\/wp-content\/uploads\/2026\/04\/WhatsApp-Image-2026-04-16-at-10.06.54-3.jpeg 1600w, https:\/\/elreporterodelacomunidad.com\/wp-content\/uploads\/2026\/04\/WhatsApp-Image-2026-04-16-at-10.06.54-3-300x246.jpeg 300w, https:\/\/elreporterodelacomunidad.com\/wp-content\/uploads\/2026\/04\/WhatsApp-Image-2026-04-16-at-10.06.54-3-1024x840.jpeg 1024w, https:\/\/elreporterodelacomunidad.com\/wp-content\/uploads\/2026\/04\/WhatsApp-Image-2026-04-16-at-10.06.54-3-768x630.jpeg 768w, https:\/\/elreporterodelacomunidad.com\/wp-content\/uploads\/2026\/04\/WhatsApp-Image-2026-04-16-at-10.06.54-3-1536x1260.jpeg 1536w, https:\/\/elreporterodelacomunidad.com\/wp-content\/uploads\/2026\/04\/WhatsApp-Image-2026-04-16-at-10.06.54-3-750x615.jpeg 750w, https:\/\/elreporterodelacomunidad.com\/wp-content\/uploads\/2026\/04\/WhatsApp-Image-2026-04-16-at-10.06.54-3-1140x936.jpeg 1140w\" sizes=\"auto, (max-width: 500px) 100vw, 500px\" \/><\/p>\n","protected":false},"excerpt":{"rendered":"<p>\u25cf El director general del ISSSTE se\u00f1al\u00f3 que esta medida beneficiar\u00e1 a la derechohabiencia con el fortalecimiento de la consulta de especialidades y el aumento del n\u00famero de cirug\u00edas\u25cf Subray\u00f3 que entre las especialidades que se reforzar\u00e1n, destaca anestesiolog\u00eda, medicina familiar, medicina interna, oncolog\u00eda, neurolog\u00eda, pediatr\u00eda, nefrolog\u00eda, urolog\u00eda, traumatolog\u00eda, urgenciolog\u00eda, por mencionar algunas Ciudad de [&hellip;]<\/p>\n","protected":false},"author":1,"featured_media":29309,"comment_status":"open","ping_status":"open","sticky":false,"template":"","format":"standard","meta":{"footnotes":""},"categories":[28],"tags":[],"class_list":["post-29304","post","type-post","status-publish","format-standard","has-post-thumbnail","hentry","category-nacional"],"_links":{"self":[{"href":"https:\/\/elreporterodelacomunidad.com\/index.php\/wp-json\/wp\/v2\/posts\/29304","targetHints":{"allow":["GET"]}}],"collection":[{"href":"https:\/\/elreporterodelacomunidad.com\/index.php\/wp-json\/wp\/v2\/posts"}],"about":[{"href":"https:\/\/elreporterodelacomunidad.com\/index.php\/wp-json\/wp\/v2\/types\/post"}],"author":[{"embeddable":true,"href":"https:\/\/elreporterodelacomunidad.com\/index.php\/wp-json\/wp\/v2\/users\/1"}],"replies":[{"embeddable":true,"href":"https:\/\/elreporterodelacomunidad.com\/index.php\/wp-json\/wp\/v2\/comments?post=29304"}],"version-history":[{"count":2,"href":"https:\/\/elreporterodelacomunidad.com\/index.php\/wp-json\/wp\/v2\/posts\/29304\/revisions"}],"predecessor-version":[{"id":29311,"href":"https:\/\/elreporterodelacomunidad.com\/index.php\/wp-json\/wp\/v2\/posts\/29304\/revisions\/29311"}],"wp:featuredmedia":[{"embeddable":true,"href":"https:\/\/elreporterodelacomunidad.com\/index.php\/wp-json\/wp\/v2\/media\/29309"}],"wp:attachment":[{"href":"https:\/\/elreporterodelacomunidad.com\/index.php\/wp-json\/wp\/v2\/media?parent=29304"}],"wp:term":[{"taxonomy":"category","embeddable":true,"href":"https:\/\/elreporterodelacomunidad.com\/index.php\/wp-json\/wp\/v2\/categories?post=29304"},{"taxonomy":"post_tag","embeddable":true,"href":"https:\/\/elreporterodelacomunidad.com\/index.php\/wp-json\/wp\/v2\/tags?post=29304"}],"curies":[{"name":"wp","href":"https:\/\/api.w.org\/{rel}","templated":true}]}}