{"id":2884,"date":"2024-02-04T00:00:00","date_gmt":"2024-02-04T07:00:00","guid":{"rendered":"https:\/\/elreporterodelacomunidad.com\/index.php\/2024\/02\/04\/entrega-tono-astiazaran-rehabilitacion-de-parque-en-costa-del-sol\/"},"modified":"2024-02-04T00:00:00","modified_gmt":"2024-02-04T07:00:00","slug":"entrega-tono-astiazaran-rehabilitacion-de-parque-en-costa-del-sol","status":"publish","type":"post","link":"https:\/\/elreporterodelacomunidad.com\/index.php\/2024\/02\/04\/entrega-tono-astiazaran-rehabilitacion-de-parque-en-costa-del-sol\/","title":{"rendered":"Entrega To\u00f1o Astiazar\u00e1n rehabilitaci\u00f3n de parque en Costa del Sol"},"content":{"rendered":"<p>\u201cEl Presupuesto CRECES lleg\u00f3 para quedarse y eso va a ser posible gracias a ustedes\u201d, mencion\u00f3 Antonio Astiazar\u00e1n al entregar la rehabilitaci\u00f3n del parque en Costa del Sol, una de las 66 obras ganadoras del presupuesto participativo.<br aria-hidden=\"true\" style=\"color: rgb(36, 36, 36); font-family: &quot;Segoe UI&quot;, &quot;Segoe UI Web (West European)&quot;, &quot;Segoe UI&quot;, -apple-system, BlinkMacSystemFont, Roboto, &quot;Helvetica Neue&quot;, sans-serif; font-size: 15px; background-color: rgb(255, 255, 255);\"><br aria-hidden=\"true\" style=\"color: rgb(36, 36, 36); font-family: &quot;Segoe UI&quot;, &quot;Segoe UI Web (West European)&quot;, &quot;Segoe UI&quot;, -apple-system, BlinkMacSystemFont, Roboto, &quot;Helvetica Neue&quot;, sans-serif; font-size: 15px; background-color: rgb(255, 255, 255);\">El Presidente Municipal constat\u00f3 los trabajos del Consejo Municipal de Concertaci\u00f3n para la Obra P\u00fablica (CMCOP) como la instalaci\u00f3n de pasto sint\u00e9tico, rehabilitaci\u00f3n de parapetos, juegos infantiles, mobiliario urbano y pintura.<br aria-hidden=\"true\" style=\"color: rgb(36, 36, 36); font-family: &quot;Segoe UI&quot;, &quot;Segoe UI Web (West European)&quot;, &quot;Segoe UI&quot;, -apple-system, BlinkMacSystemFont, Roboto, &quot;Helvetica Neue&quot;, sans-serif; font-size: 15px; background-color: rgb(255, 255, 255);\"><br aria-hidden=\"true\" style=\"color: rgb(36, 36, 36); font-family: &quot;Segoe UI&quot;, &quot;Segoe UI Web (West European)&quot;, &quot;Segoe UI&quot;, -apple-system, BlinkMacSystemFont, Roboto, &quot;Helvetica Neue&quot;, sans-serif; font-size: 15px; background-color: rgb(255, 255, 255);\">Luego de compartir impresiones con vecinas que en 2023 propusieron este proyecto ganador con mil 208 votos, motiv\u00f3 a continuar con este ejercicio de participaci\u00f3n ciudadana hist\u00f3rico en el municipio.<br aria-hidden=\"true\" style=\"color: rgb(36, 36, 36); font-family: &quot;Segoe UI&quot;, &quot;Segoe UI Web (West European)&quot;, &quot;Segoe UI&quot;, -apple-system, BlinkMacSystemFont, Roboto, &quot;Helvetica Neue&quot;, sans-serif; font-size: 15px; background-color: rgb(255, 255, 255);\"><br aria-hidden=\"true\" style=\"color: rgb(36, 36, 36); font-family: &quot;Segoe UI&quot;, &quot;Segoe UI Web (West European)&quot;, &quot;Segoe UI&quot;, -apple-system, BlinkMacSystemFont, Roboto, &quot;Helvetica Neue&quot;, sans-serif; font-size: 15px; background-color: rgb(255, 255, 255);\">\u201cEstamos regresando con hechos, con resultados y esto es posible gracias a la confianza de ustedes. Los invito a que sigan proponiendo proyectos porque aqu\u00ed tenemos a todo el equipo de Participaci\u00f3n Ciudadana que ha estado pendiente en la organizaci\u00f3n de estas jornadas de Presupuesto CRECES\u201d, agreg\u00f3.<br aria-hidden=\"true\" style=\"color: rgb(36, 36, 36); font-family: &quot;Segoe UI&quot;, &quot;Segoe UI Web (West European)&quot;, &quot;Segoe UI&quot;, -apple-system, BlinkMacSystemFont, Roboto, &quot;Helvetica Neue&quot;, sans-serif; font-size: 15px; background-color: rgb(255, 255, 255);\"><br aria-hidden=\"true\" style=\"color: rgb(36, 36, 36); font-family: &quot;Segoe UI&quot;, &quot;Segoe UI Web (West European)&quot;, &quot;Segoe UI&quot;, -apple-system, BlinkMacSystemFont, Roboto, &quot;Helvetica Neue&quot;, sans-serif; font-size: 15px; background-color: rgb(255, 255, 255);\">La presidenta del Comit\u00e9 CRECES Costa del Sol, Julieta Acosta, detall\u00f3 las malas condiciones en las que ni\u00f1as y ni\u00f1os practicaban deporte en este espacio p\u00fablico rehabilitado con 707 mil 718 pesos de inversi\u00f3n.<br aria-hidden=\"true\" style=\"color: rgb(36, 36, 36); font-family: &quot;Segoe UI&quot;, &quot;Segoe UI Web (West European)&quot;, &quot;Segoe UI&quot;, -apple-system, BlinkMacSystemFont, Roboto, &quot;Helvetica Neue&quot;, sans-serif; font-size: 15px; background-color: rgb(255, 255, 255);\"><br aria-hidden=\"true\" style=\"color: rgb(36, 36, 36); font-family: &quot;Segoe UI&quot;, &quot;Segoe UI Web (West European)&quot;, &quot;Segoe UI&quot;, -apple-system, BlinkMacSystemFont, Roboto, &quot;Helvetica Neue&quot;, sans-serif; font-size: 15px; background-color: rgb(255, 255, 255);\">Presentes, C\u00e9sar Rub\u00e9n Rasc\u00f3n, titular de CMCOP; Daniel Garc\u00eda Escalante, director de Participaci\u00f3n Ciudadana; Armando Labrada Garc\u00eda, director del Instituto del Deporte de Hermosillo (IDH); el padre Antonio Garc\u00eda Beltr\u00e1n y el equipo de f\u00fatbol Lobos de Perisur y la regidora Zulma Galaz.<\/p>\n","protected":false},"excerpt":{"rendered":"<p>Es una de las 66 obras ganadoras del Presupuesto CRECES 2023 que marc\u00f3 un antes y un despu\u00e9s en este espacio utilizado por familias del sur de Hermosillo.<\/p>\n","protected":false},"author":1,"featured_media":2885,"comment_status":"open","ping_status":"open","sticky":false,"template":"","format":"standard","meta":{"footnotes":""},"categories":[34],"tags":[],"class_list":["post-2884","post","type-post","status-publish","format-standard","has-post-thumbnail","hentry","category-general"],"_links":{"self":[{"href":"https:\/\/elreporterodelacomunidad.com\/index.php\/wp-json\/wp\/v2\/posts\/2884","targetHints":{"allow":["GET"]}}],"collection":[{"href":"https:\/\/elreporterodelacomunidad.com\/index.php\/wp-json\/wp\/v2\/posts"}],"about":[{"href":"https:\/\/elreporterodelacomunidad.com\/index.php\/wp-json\/wp\/v2\/types\/post"}],"author":[{"embeddable":true,"href":"https:\/\/elreporterodelacomunidad.com\/index.php\/wp-json\/wp\/v2\/users\/1"}],"replies":[{"embeddable":true,"href":"https:\/\/elreporterodelacomunidad.com\/index.php\/wp-json\/wp\/v2\/comments?post=2884"}],"version-history":[{"count":0,"href":"https:\/\/elreporterodelacomunidad.com\/index.php\/wp-json\/wp\/v2\/posts\/2884\/revisions"}],"wp:featuredmedia":[{"embeddable":true,"href":"https:\/\/elreporterodelacomunidad.com\/index.php\/wp-json\/wp\/v2\/media\/2885"}],"wp:attachment":[{"href":"https:\/\/elreporterodelacomunidad.com\/index.php\/wp-json\/wp\/v2\/media?parent=2884"}],"wp:term":[{"taxonomy":"category","embeddable":true,"href":"https:\/\/elreporterodelacomunidad.com\/index.php\/wp-json\/wp\/v2\/categories?post=2884"},{"taxonomy":"post_tag","embeddable":true,"href":"https:\/\/elreporterodelacomunidad.com\/index.php\/wp-json\/wp\/v2\/tags?post=2884"}],"curies":[{"name":"wp","href":"https:\/\/api.w.org\/{rel}","templated":true}]}}