{"id":2876,"date":"2024-02-04T00:00:00","date_gmt":"2024-02-04T07:00:00","guid":{"rendered":"https:\/\/elreporterodelacomunidad.com\/index.php\/2024\/02\/04\/washington-d-c-recibe-a-xochitl-galvez-para-encuentros-estrategicos-con-legisladores\/"},"modified":"2024-02-04T00:00:00","modified_gmt":"2024-02-04T07:00:00","slug":"washington-d-c-recibe-a-xochitl-galvez-para-encuentros-estrategicos-con-legisladores","status":"publish","type":"post","link":"https:\/\/elreporterodelacomunidad.com\/index.php\/2024\/02\/04\/washington-d-c-recibe-a-xochitl-galvez-para-encuentros-estrategicos-con-legisladores\/","title":{"rendered":"Washington D.C. recibe a X\u00f3chitl G\u00e1lvez para encuentros estrat\u00e9gicos con legisladores"},"content":{"rendered":"<p class=\"MsoNormal\">X\u00f3chitl G\u00e1lvez, candidata presidencial de la Oposici\u00f3n, viaj\u00f3 a Washington D.C. como parte de su gira en Estados Unidos, con el objetivo de reunirse, a partir de la pr\u00f3xima semana, con legisladores, empresarios y miembros de importantes centros de investigaci\u00f3n.<\/p>\n<p class=\"MsoNormal\">Durante su encuentro con legisladores de la administraci\u00f3n del mandatario estadounidense Joe Biden, la hidalguense tiene la intenci\u00f3n de abordar temas cruciales como migraci\u00f3n, crimen organizado y el cumplimiento del nuevo acuerdo comercial entre M\u00e9xico, Canad\u00e1 y Estados Unidos, as\u00ed como el aprovechamiento del nearshoring.<\/p>\n<p class=\"MsoNormal\">Agenda en Washington D.C.<\/p>\n<p class=\"MsoNormal\">Asimismo, tiene planeado visitar el Congreso de Estados Unidos para dialogar con congresistas del Comit\u00e9 de Relaciones Exteriores y conversar con miembros de la C\u00e1mara de Comercio de Estados Unidos.<\/p>\n<p class=\"MsoNormal\">Tambi\u00e9n sostendr\u00e1 una reuni\u00f3n con Luis Almagro, el secretario general de la Organizaci\u00f3n de los Estados Americanos (OEA).<\/p>\n<p class=\"MsoNormal\">En sus encuentros con empresarios y miembros de destacados centros de investigaci\u00f3n, G\u00e1lvez busca dejar clara su visi\u00f3n sobre la relaci\u00f3n bilateral y el futuro de M\u00e9xico, asegurando que est\u00e9n representados los centros de investigaci\u00f3n m\u00e1s relevantes del pa\u00eds y de Estados Unidos.<\/p>\n<p class=\"MsoNormal\">Ma\u00f1ana, 5 de febrero, ofrecer\u00e1 una ponencia en la Universidad de Georgetown y dialogar\u00e1 con representantes de diversos medios de comunicaci\u00f3n hispanos.<\/p>\n<p class=\"MsoNormal\">Finalmente, el mi\u00e9rcoles, se reunir\u00e1 con Janet Murgu\u00eda, presidenta de UnidosUS, la mayor organizaci\u00f3n latina de defensa y derechos civiles en Estados Unidos.<\/p>\n","protected":false},"excerpt":{"rendered":"<p>En estos encuentros de la candidata presidencial se discutir\u00e1n temas como migraci\u00f3n, crimen organizado y el nuevo acuerdo comercial.<\/p>\n","protected":false},"author":1,"featured_media":2877,"comment_status":"open","ping_status":"open","sticky":false,"template":"","format":"standard","meta":{"footnotes":""},"categories":[39],"tags":[],"class_list":["post-2876","post","type-post","status-publish","format-standard","has-post-thumbnail","hentry","category-politica"],"_links":{"self":[{"href":"https:\/\/elreporterodelacomunidad.com\/index.php\/wp-json\/wp\/v2\/posts\/2876","targetHints":{"allow":["GET"]}}],"collection":[{"href":"https:\/\/elreporterodelacomunidad.com\/index.php\/wp-json\/wp\/v2\/posts"}],"about":[{"href":"https:\/\/elreporterodelacomunidad.com\/index.php\/wp-json\/wp\/v2\/types\/post"}],"author":[{"embeddable":true,"href":"https:\/\/elreporterodelacomunidad.com\/index.php\/wp-json\/wp\/v2\/users\/1"}],"replies":[{"embeddable":true,"href":"https:\/\/elreporterodelacomunidad.com\/index.php\/wp-json\/wp\/v2\/comments?post=2876"}],"version-history":[{"count":0,"href":"https:\/\/elreporterodelacomunidad.com\/index.php\/wp-json\/wp\/v2\/posts\/2876\/revisions"}],"wp:featuredmedia":[{"embeddable":true,"href":"https:\/\/elreporterodelacomunidad.com\/index.php\/wp-json\/wp\/v2\/media\/2877"}],"wp:attachment":[{"href":"https:\/\/elreporterodelacomunidad.com\/index.php\/wp-json\/wp\/v2\/media?parent=2876"}],"wp:term":[{"taxonomy":"category","embeddable":true,"href":"https:\/\/elreporterodelacomunidad.com\/index.php\/wp-json\/wp\/v2\/categories?post=2876"},{"taxonomy":"post_tag","embeddable":true,"href":"https:\/\/elreporterodelacomunidad.com\/index.php\/wp-json\/wp\/v2\/tags?post=2876"}],"curies":[{"name":"wp","href":"https:\/\/api.w.org\/{rel}","templated":true}]}}