{"id":287,"date":"2024-05-06T00:00:00","date_gmt":"2024-05-06T07:00:00","guid":{"rendered":"https:\/\/elreporterodelacomunidad.com\/index.php\/2024\/05\/06\/declaran-inexistente-huelga-en-la-ues-trabajadores-regresaran-a-sus-labores\/"},"modified":"2024-05-18T21:56:00","modified_gmt":"2024-05-19T04:56:00","slug":"declaran-inexistente-huelga-en-la-ues-trabajadores-regresaran-a-sus-labores","status":"publish","type":"post","link":"https:\/\/elreporterodelacomunidad.com\/index.php\/2024\/05\/06\/declaran-inexistente-huelga-en-la-ues-trabajadores-regresaran-a-sus-labores\/","title":{"rendered":"Declaran inexistente huelga en la UES; trabajadores regresar\u00e1n a sus labores&nbsp;"},"content":{"rendered":"<p class=\"MsoNormal\">Los miembros del Sindicato \u00danico de Trabajadores de la Universidad Estatal de Sonora (Sutues) regresar\u00e1n a sus labores este martes 07 de mayo en sus horarios habituales.<\/p>\n<p class=\"MsoNormal\">\n<p class=\"MsoNormal\">Rosario Segura, secretaria de comunicaci\u00f3n del Sutues, explic\u00f3 que luego de que el Juez del Tribunal Laboral fallara a favor de la inexistencia de la huelga que se llev\u00f3 a cabo desde el pasado 30 de abril, las autoridades del sindicato se reunieron con \u00e9l en la Secretar\u00eda de Gobierno del Estado de Sonora la ma\u00f1ana de este lunes 06 de mayo.<\/p>\n<p class=\"MsoNormal\">M\u00e1s tarde, a trav\u00e9s de un comunicado oficial, el Sutues dio a conocer que en dicha congregaci\u00f3n sostuvieron pl\u00e1ticas con funcionarios del Gobierno del Estado, quienes reiteraron el ofrecimiento que fue votado y aprobado en la consulta del pasado 3 de mayo.<\/p>\n<p class=\"MsoNormal\">En documento, se hizo menci\u00f3n de que el secretario general del Sutues, Mart\u00edn Ter\u00e1n Gast\u00e9lum, solicit\u00f3 el pago de los d\u00edas no laborados por la huelga realizada, donde hasta el momento no se ha obtenido respuesta.<\/p>\n<p class=\"MsoNormal\">Asimismo, hizo un llamado al personal sindicalizado para que se presente a laborar en su horario habitual este martes 07 de mayo y registre su asistencia.<\/p>\n","protected":false},"excerpt":{"rendered":"<p>El Juez del Tribunal Laboral, notific\u00f3 a el Sindicato de la UES, el fallo a favor de la inexistencia de la huelga sostenida desde el pasado 30 de abril.<\/p>\n","protected":false},"author":1,"featured_media":697,"comment_status":"open","ping_status":"open","sticky":false,"template":"","format":"standard","meta":{"footnotes":""},"categories":[36],"tags":[],"class_list":["post-287","post","type-post","status-publish","format-standard","has-post-thumbnail","hentry","category-educacion"],"_links":{"self":[{"href":"https:\/\/elreporterodelacomunidad.com\/index.php\/wp-json\/wp\/v2\/posts\/287","targetHints":{"allow":["GET"]}}],"collection":[{"href":"https:\/\/elreporterodelacomunidad.com\/index.php\/wp-json\/wp\/v2\/posts"}],"about":[{"href":"https:\/\/elreporterodelacomunidad.com\/index.php\/wp-json\/wp\/v2\/types\/post"}],"author":[{"embeddable":true,"href":"https:\/\/elreporterodelacomunidad.com\/index.php\/wp-json\/wp\/v2\/users\/1"}],"replies":[{"embeddable":true,"href":"https:\/\/elreporterodelacomunidad.com\/index.php\/wp-json\/wp\/v2\/comments?post=287"}],"version-history":[{"count":1,"href":"https:\/\/elreporterodelacomunidad.com\/index.php\/wp-json\/wp\/v2\/posts\/287\/revisions"}],"predecessor-version":[{"id":696,"href":"https:\/\/elreporterodelacomunidad.com\/index.php\/wp-json\/wp\/v2\/posts\/287\/revisions\/696"}],"wp:featuredmedia":[{"embeddable":true,"href":"https:\/\/elreporterodelacomunidad.com\/index.php\/wp-json\/wp\/v2\/media\/697"}],"wp:attachment":[{"href":"https:\/\/elreporterodelacomunidad.com\/index.php\/wp-json\/wp\/v2\/media?parent=287"}],"wp:term":[{"taxonomy":"category","embeddable":true,"href":"https:\/\/elreporterodelacomunidad.com\/index.php\/wp-json\/wp\/v2\/categories?post=287"},{"taxonomy":"post_tag","embeddable":true,"href":"https:\/\/elreporterodelacomunidad.com\/index.php\/wp-json\/wp\/v2\/tags?post=287"}],"curies":[{"name":"wp","href":"https:\/\/api.w.org\/{rel}","templated":true}]}}