{"id":285,"date":"2024-05-06T00:00:00","date_gmt":"2024-05-06T07:00:00","guid":{"rendered":"https:\/\/elreporterodelacomunidad.com\/index.php\/2024\/05\/06\/rescatan-en-hotel-de-hermosillo-a-cinco-victimas-de-extorsion-de-puebla\/"},"modified":"2024-05-18T21:55:56","modified_gmt":"2024-05-19T04:55:56","slug":"rescatan-en-hotel-de-hermosillo-a-cinco-victimas-de-extorsion-de-puebla","status":"publish","type":"post","link":"https:\/\/elreporterodelacomunidad.com\/index.php\/2024\/05\/06\/rescatan-en-hotel-de-hermosillo-a-cinco-victimas-de-extorsion-de-puebla\/","title":{"rendered":"Rescatan en hotel de Hermosillo a cinco v\u00edctimas de extorsi\u00f3n de Puebla"},"content":{"rendered":"<p class=\"MsoNormal\">Cinco personas v\u00edctimas de extorsi\u00f3n provenientes del estado de Puebla, fueron rescatadas de un hotel de Hermosillo, por elementos de la Agencia Ministerial de Investigaci\u00f3n Criminal (AMIC) de la Fiscal\u00eda General de Justicia del Estado (FGJE).<\/p>\n<p class=\"MsoNormal\">\n<p class=\"MsoNormal\">El \u00f3rgano procurador de justicia inform\u00f3 que, mediante trabajo de inteligencia y coordinaci\u00f3n con autoridades del Estado de Puebla, elementos de la AMIC llevaron a cabo el rescate de cinco personas procedentes de Puebla, quienes se encontraban en un hotel de esta capital mediante enga\u00f1os como parte de una extorsi\u00f3n telef\u00f3nica.<\/p>\n<p class=\"MsoNormal\">Fue la Unidad Especializada en Combate al Secuestro (UECS) de Puebla denunci\u00f3 los hechos a las autoridades locales, al contactarse con su hom\u00f3loga en Sonora, notificando que directivos de una empresa del estado hab\u00edan recibido llamadas de personas que les solicitaban 500 mil pesos para liberar a su empleados.<\/p>\n<p class=\"MsoNormal\">En ese sentido, el intercambio de inteligencia correspondiente, aunado a la investigaci\u00f3n de campo y gabinete por parte de las autoridades permiti\u00f3 que se tuviera conocimiento sobre la ubicaci\u00f3n de los afectados, quienes se encontraban en un hotel de la capital sonorense, por lo que no fue necesario realizar alg\u00fan pago.<\/p>\n<p class=\"MsoNormal\">La Fiscal\u00eda de Sonora inform\u00f3 que las personas rescatadas fueron identificadas como C\u00e9sar Ismael, de 23 a\u00f1os; Rigoberto, de 53 a\u00f1os; David, de 49; Felipe, de 52 a\u00f1os y Miguel \u00c1ngel, de 33 a\u00f1os, quienes se encuentran a salvo y en buen estado f\u00edsico.<\/p>\n<p class=\"MsoNormal\">Ante una situaci\u00f3n de extorsi\u00f3n, la autoridad investigadora recomend\u00f3 mantener la calma al recibir una llamada de este tipo, para posteriormente comunicarse directamente con las autoridades y notificar a su familia sobre la situaci\u00f3n.<\/p>\n<p class=\"MsoNormal\">Asimismo, record\u00f3 que para para comunicarse directamente con el Departamento Anti Extorsiones de la AMIC, las personas afectadas pueden comunicarse all (662)289-8800, extensi\u00f3n 15360, para ser atendidas.<\/p>\n<p class=\"MsoNormal\">De acuerdo con la informaci\u00f3n m\u00e1s reciente del Secretariado Ejecutivo del Sistema Nacional de Seguridad P\u00fablica (SESNSP), entre enero y marzo del 2024, se abrieron un total de 14 carpetas de investigaci\u00f3n por el delito de extorsi\u00f3n.<\/p>\n","protected":false},"excerpt":{"rendered":"<p>Cinco personas v\u00edctimas de extorsi\u00f3n provenientes del estado de Puebla, fueron rescatadas de un hotel de Hermosillo.<\/p>\n","protected":false},"author":1,"featured_media":693,"comment_status":"open","ping_status":"open","sticky":false,"template":"","format":"standard","meta":{"footnotes":""},"categories":[32],"tags":[],"class_list":["post-285","post","type-post","status-publish","format-standard","has-post-thumbnail","hentry","category-policiaca"],"_links":{"self":[{"href":"https:\/\/elreporterodelacomunidad.com\/index.php\/wp-json\/wp\/v2\/posts\/285","targetHints":{"allow":["GET"]}}],"collection":[{"href":"https:\/\/elreporterodelacomunidad.com\/index.php\/wp-json\/wp\/v2\/posts"}],"about":[{"href":"https:\/\/elreporterodelacomunidad.com\/index.php\/wp-json\/wp\/v2\/types\/post"}],"author":[{"embeddable":true,"href":"https:\/\/elreporterodelacomunidad.com\/index.php\/wp-json\/wp\/v2\/users\/1"}],"replies":[{"embeddable":true,"href":"https:\/\/elreporterodelacomunidad.com\/index.php\/wp-json\/wp\/v2\/comments?post=285"}],"version-history":[{"count":1,"href":"https:\/\/elreporterodelacomunidad.com\/index.php\/wp-json\/wp\/v2\/posts\/285\/revisions"}],"predecessor-version":[{"id":692,"href":"https:\/\/elreporterodelacomunidad.com\/index.php\/wp-json\/wp\/v2\/posts\/285\/revisions\/692"}],"wp:featuredmedia":[{"embeddable":true,"href":"https:\/\/elreporterodelacomunidad.com\/index.php\/wp-json\/wp\/v2\/media\/693"}],"wp:attachment":[{"href":"https:\/\/elreporterodelacomunidad.com\/index.php\/wp-json\/wp\/v2\/media?parent=285"}],"wp:term":[{"taxonomy":"category","embeddable":true,"href":"https:\/\/elreporterodelacomunidad.com\/index.php\/wp-json\/wp\/v2\/categories?post=285"},{"taxonomy":"post_tag","embeddable":true,"href":"https:\/\/elreporterodelacomunidad.com\/index.php\/wp-json\/wp\/v2\/tags?post=285"}],"curies":[{"name":"wp","href":"https:\/\/api.w.org\/{rel}","templated":true}]}}