{"id":28391,"date":"2026-03-16T20:26:09","date_gmt":"2026-03-17T03:26:09","guid":{"rendered":"https:\/\/elreporterodelacomunidad.com\/?p=28391"},"modified":"2026-03-16T23:21:23","modified_gmt":"2026-03-17T06:21:23","slug":"600-millones-en-derrama-economica-en-hermosillo-antonio-astiazaran","status":"publish","type":"post","link":"https:\/\/elreporterodelacomunidad.com\/index.php\/2026\/03\/16\/600-millones-en-derrama-economica-en-hermosillo-antonio-astiazaran\/","title":{"rendered":"600 millones en derrama econ\u00f3mica en Hermosillo: Antonio Astiazaran."},"content":{"rendered":"\n<p><strong>Columna: Nada Personal.<\/strong><\/p>\n\n\n\n<p><strong>Autor: Carlos Alberto Guti\u00e9rrez Celaya.<\/strong><\/p>\n\n\n\n<p>En una ciudad que durante a\u00f1os busc\u00f3 posicionarse en el mapa de los grandes espect\u00e1culos y convenciones, hoy Hermosillo comienza a cosechar resultados tangibles. La reciente jornada de eventos que incluy\u00f3 desde encuentros deportivos hasta foros internacionales y conciertos masivos no solo llen\u00f3 agendas, sino tambi\u00e9n bolsillos.<\/p>\n\n\n\n<p>Detr\u00e1s de esta narrativa se encuentra la estrategia de promoci\u00f3n impulsada por el alcalde Antonio Astiazar\u00e1n, quien ha apostado por convertir a la capital sonorense en un nodo atractivo para la industria del entretenimiento y los negocios.<\/p>\n\n\n\n<p>La cifra no es menor: m\u00e1s de 600 millones de pesos en derrama econ\u00f3mica en apenas seis d\u00edas. Eventos como la Copa Roca, el Simposio Internacional de Miner\u00eda y el campeonato estatal de b\u00e9isbol infantil sirvieron como antesala para el plato fuerte, el festival musical encabezado por Car\u00edn Le\u00f3n, que por s\u00ed solo convoc\u00f3 a 70 mil asistentes.<\/p>\n\n\n\n<p>En t\u00e9rminos estrictamente financieros, la ecuaci\u00f3n es clara: turismo, espect\u00e1culos y log\u00edstica bien coordinada generan ingresos inmediatos y proyectan confianza a futuro.<\/p>\n\n\n\n<p>Pero m\u00e1s all\u00e1 de los n\u00fameros, el mensaje pol\u00edtico es evidente. El To\u00f1o Astiazar\u00e1n no solo presume resultados, construye una narrativa de gobernanza eficaz donde la colaboraci\u00f3n entre iniciativa privada, organizadores y autoridades de los tres niveles se traduce en saldo blanco y experiencias positivas. La ocupaci\u00f3n hotelera, el dinamismo en plataformas de renta temporal y el consumo en restaurantes y transporte reflejan un ecosistema econ\u00f3mico que responde cuando hay eventos de alto impacto.<\/p>\n\n\n\n<p>En tiempos donde los municipios compiten por atraer inversiones y visitantes, Hermosillo parece haber encontrado una f\u00f3rmula que combina espect\u00e1culo con rentabilidad. La apuesta no est\u00e1 exenta de riesgos \u2014dependencia de eventos y volatilidad del turismo\u2014, pero en el corto plazo ofrece una vitrina favorable. La pregunta de fondo es si esta inercia lograr\u00e1 sostenerse m\u00e1s all\u00e1 del entusiasmo moment\u00e1neo. Por ahora, lo cierto es que la ciudad suena, brilla\u2026 y factura.<\/p>\n\n\n\n<p class=\"has-text-align-center\"><img loading=\"lazy\" decoding=\"async\" width=\"500\" height=\"455\" class=\"wp-image-28393\" style=\"width: 500px;\" src=\"https:\/\/elreporterodelacomunidad.com\/wp-content\/uploads\/2026\/03\/WhatsApp-Image-2026-03-15-at-12.02.37-1.jpeg\" alt=\"\" srcset=\"https:\/\/elreporterodelacomunidad.com\/wp-content\/uploads\/2026\/03\/WhatsApp-Image-2026-03-15-at-12.02.37-1.jpeg 1280w, https:\/\/elreporterodelacomunidad.com\/wp-content\/uploads\/2026\/03\/WhatsApp-Image-2026-03-15-at-12.02.37-1-300x273.jpeg 300w, https:\/\/elreporterodelacomunidad.com\/wp-content\/uploads\/2026\/03\/WhatsApp-Image-2026-03-15-at-12.02.37-1-1024x932.jpeg 1024w, https:\/\/elreporterodelacomunidad.com\/wp-content\/uploads\/2026\/03\/WhatsApp-Image-2026-03-15-at-12.02.37-1-768x699.jpeg 768w, https:\/\/elreporterodelacomunidad.com\/wp-content\/uploads\/2026\/03\/WhatsApp-Image-2026-03-15-at-12.02.37-1-750x683.jpeg 750w, https:\/\/elreporterodelacomunidad.com\/wp-content\/uploads\/2026\/03\/WhatsApp-Image-2026-03-15-at-12.02.37-1-1140x1038.jpeg 1140w\" sizes=\"auto, (max-width: 500px) 100vw, 500px\" \/><\/p>\n\n\n\n<p class=\"has-text-align-center\"><strong>\u201cNi una curl m\u00e1s\u201d: Manlio Fabio Beltrones<\/strong><\/p>\n\n\n\n<p>En pol\u00edtica, las palabras pesan\u2026 pero las trayectorias a\u00fan m\u00e1s. Y cuando Manlio Fabio Beltrones habla de representaci\u00f3n, instituciones y equilibrios, no lo hace desde la teor\u00eda, sino desde d\u00e9cadas de operaci\u00f3n en el coraz\u00f3n del poder.<\/p>\n\n\n\n<p>\u201cNi una curul m\u00e1s\u201d, sentencia. Una frase que, m\u00e1s all\u00e1 de su contundencia, encierra un mensaje claro: frenar la sobrerrepresentaci\u00f3n y, con ello, cualquier intento de distorsionar la voluntad popular. En tiempos donde las mayor\u00edas legislativas suelen construirse no solo en las urnas sino en las alianzas estrat\u00e9gicas, la propuesta del senador sonorense busca regresar a lo b\u00e1sico: que cada voto cuente exactamente lo que vale.<\/p>\n\n\n\n<p>No es un planteamiento menor. La iniciativa que presentar\u00e1 en el Senado apunta a modificar las reglas del juego electoral para evitar lo que considera una \u201cilegitima sobrerrepresentaci\u00f3n\u201d del partido en el poder. Pero tambi\u00e9n va m\u00e1s all\u00e1. Es, en el fondo, una defensa del equilibrio de poderes y un dique frente a lo que advierte como el riesgo de un nuevo presidencialismo dominante.<\/p>\n\n\n\n<p>Ah\u00ed es donde la experiencia de Beltrones marca diferencia. No se trata solo de oponerse al llamado \u201cPlan B\u201d del Ejecutivo, sino de articular una alternativa que dialogue con otras fuerzas pol\u00edticas, que recupere la l\u00f3gica de los consensos y que, sobre todo, defienda el pacto federal. En su lectura, permitir que decisiones centrales invadan competencias estatales y municipales no es una reforma: es un retroceso.<\/p>\n\n\n\n<p>El senador lo dice sin matices: M\u00e9xico ya alcanz\u00f3 la madurez democr\u00e1tica. Las alternancias son prueba de ello. Por eso, insiste, el siguiente paso no puede ser concentrar el poder, sino equilibrarlo. Su propuesta de una representaci\u00f3n proporcional \u201caut\u00e9ntica y pura\u201d apunta justo en esa direcci\u00f3n.<\/p>\n\n\n\n<p>En un escenario pol\u00edtico donde abundan las posturas estridentes, pero escasean las propuestas estructurales, Beltrones apuesta a su mayor activo: la experiencia. Esa que le permite leer entre l\u00edneas, anticipar riesgos y colocar sobre la mesa una discusi\u00f3n que, tarde o temprano, definir\u00e1 el rumbo institucional del pa\u00eds.<\/p>\n\n\n\n<p>Porque al final, en pol\u00edtica no se trata solo de ganar espacios.<\/p>\n\n\n\n<p class=\"has-text-align-center\"><img loading=\"lazy\" decoding=\"async\" width=\"500\" height=\"375\" class=\"wp-image-28394\" style=\"width: 500px;\" src=\"https:\/\/elreporterodelacomunidad.com\/wp-content\/uploads\/2026\/03\/5f74a8eb-8d27-4e08-9d9d-4802abc3dfe7-750x563-1.jpg\" alt=\"\" srcset=\"https:\/\/elreporterodelacomunidad.com\/wp-content\/uploads\/2026\/03\/5f74a8eb-8d27-4e08-9d9d-4802abc3dfe7-750x563-1.jpg 750w, https:\/\/elreporterodelacomunidad.com\/wp-content\/uploads\/2026\/03\/5f74a8eb-8d27-4e08-9d9d-4802abc3dfe7-750x563-1-300x225.jpg 300w\" sizes=\"auto, (max-width: 500px) 100vw, 500px\" \/><\/p>\n\n\n\n<p class=\"has-text-align-center\"><strong>Diputado Ram\u00f3n Flores logra reuni\u00f3n a pescadores y autoridades federales<\/strong><\/p>\n\n\n\n<p>En pol\u00edtica, abrir puertas suele ser m\u00e1s complejo que pronunciar discursos. Y cuando se trata de sectores hist\u00f3ricamente relegados, como el pesquero, el reto no es menor: implica gesti\u00f3n, interlocuci\u00f3n y, sobre todo, voluntad de conectar realidades que pocas veces coinciden en la misma mesa.<\/p>\n\n\n\n<p>Ah\u00ed es donde entra el papel del diputado federal sonorense Ram\u00f3n Flores, quien logr\u00f3 lo que durante a\u00f1os hab\u00eda sido una demanda constante en la regi\u00f3n: sentar frente a frente a pescadores de Guaymas con la autoridad federal encargada del sector.<\/p>\n\n\n\n<p>El encuentro con Rigoberto Salgado V\u00e1zquez no es un hecho menor; es, en t\u00e9rminos pol\u00edticos y econ\u00f3micos, la apertura de un canal directo que puede traducirse en decisiones m\u00e1s aterrizadas y menos burocr\u00e1ticas.<\/p>\n\n\n\n<p>Porque detr\u00e1s de la reuni\u00f3n hay m\u00e1s que una foto. Hay una agenda cargada de temas sensibles: tr\u00e1mites que frenan la productividad, apoyos que no siempre llegan y condiciones que impactan directamente en la viabilidad de la pesca como actividad econ\u00f3mica. En ese contexto, facilitar el di\u00e1logo no solo es gesti\u00f3n legislativa, es tambi\u00e9n una forma de incidir en la econom\u00eda regional.<\/p>\n\n\n\n<p>El mensaje es claro. Cuando los intermediarios dejan de ser obst\u00e1culo y se convierten en puentes, los sectores productivos encuentran ox\u00edgeno. Y eso, en zonas como Guaymas, donde la pesca representa sustento para cientos de familias, tiene un peso espec\u00edfico.<\/p>\n\n\n\n<p>La presencia de cooperativistas, pescadores libres y buzos en la mesa confirma que no se trat\u00f3 de un encuentro selectivo, sino de un ejercicio m\u00e1s amplio de representaci\u00f3n. Un paso que, si bien no resuelve de inmediato los rezagos hist\u00f3ricos, s\u00ed marca una diferencia en la forma de abordarlos.<\/p>\n\n\n\n<p>Actualmente la pol\u00edtica suele medirse en confrontaciones y este tipo de gestiones apuntan a otro terreno: el de los resultados concretos. Porque al final, m\u00e1s all\u00e1 del discurso, lo que cuenta es qui\u00e9n logra abrir las puertas\u2026 y para qui\u00e9n.<\/p>\n\n\n\n<p><strong>Por hoy es todo, s\u00edgueme en:<\/strong><\/p>\n\n\n\n<p>www.elreporterodelacomunidad.com<\/p>\n\n\n\n<p>Twitter: @elreporteroson y @NPDeportes1<\/p>\n\n\n\n<p>Facebook: El Reportero de la Comunidad y Columna Nada Personal<\/p>\n\n\n\n<p>IG: elreporterodelcomunidad<\/p>\n\n\n\n<p>Tiktok: elreporterodelacomunidad<\/p>\n\n\n\n<p>Whatsapp: 6622217136<\/p>\n","protected":false},"excerpt":{"rendered":"<p>Columna: Nada Personal. Autor: Carlos Alberto Guti\u00e9rrez Celaya. En una ciudad que durante a\u00f1os busc\u00f3 posicionarse en el mapa de los grandes espect\u00e1culos y convenciones, hoy Hermosillo comienza a cosechar resultados tangibles. La reciente jornada de eventos que incluy\u00f3 desde encuentros deportivos hasta foros internacionales y conciertos masivos no solo llen\u00f3 agendas, sino tambi\u00e9n bolsillos. [&hellip;]<\/p>\n","protected":false},"author":4,"featured_media":28396,"comment_status":"open","ping_status":"open","sticky":false,"template":"","format":"standard","meta":{"footnotes":""},"categories":[57,47,53,51,34,50,48,54,26,29,27,45],"tags":[],"class_list":["post-28391","post","type-post","status-publish","format-standard","has-post-thumbnail","hentry","category-carlos-alberto-gutierrez-celaya","category-columnas","category-editorial","category-elreporterodelacomunidad","category-general","category-nadapersonal","category-noticiasdestacadas","category-picandocresta","category-principal","category-principalsecundaria","category-ultimahora","category-ultimasnoticias"],"_links":{"self":[{"href":"https:\/\/elreporterodelacomunidad.com\/index.php\/wp-json\/wp\/v2\/posts\/28391","targetHints":{"allow":["GET"]}}],"collection":[{"href":"https:\/\/elreporterodelacomunidad.com\/index.php\/wp-json\/wp\/v2\/posts"}],"about":[{"href":"https:\/\/elreporterodelacomunidad.com\/index.php\/wp-json\/wp\/v2\/types\/post"}],"author":[{"embeddable":true,"href":"https:\/\/elreporterodelacomunidad.com\/index.php\/wp-json\/wp\/v2\/users\/4"}],"replies":[{"embeddable":true,"href":"https:\/\/elreporterodelacomunidad.com\/index.php\/wp-json\/wp\/v2\/comments?post=28391"}],"version-history":[{"count":1,"href":"https:\/\/elreporterodelacomunidad.com\/index.php\/wp-json\/wp\/v2\/posts\/28391\/revisions"}],"predecessor-version":[{"id":28395,"href":"https:\/\/elreporterodelacomunidad.com\/index.php\/wp-json\/wp\/v2\/posts\/28391\/revisions\/28395"}],"wp:featuredmedia":[{"embeddable":true,"href":"https:\/\/elreporterodelacomunidad.com\/index.php\/wp-json\/wp\/v2\/media\/28396"}],"wp:attachment":[{"href":"https:\/\/elreporterodelacomunidad.com\/index.php\/wp-json\/wp\/v2\/media?parent=28391"}],"wp:term":[{"taxonomy":"category","embeddable":true,"href":"https:\/\/elreporterodelacomunidad.com\/index.php\/wp-json\/wp\/v2\/categories?post=28391"},{"taxonomy":"post_tag","embeddable":true,"href":"https:\/\/elreporterodelacomunidad.com\/index.php\/wp-json\/wp\/v2\/tags?post=28391"}],"curies":[{"name":"wp","href":"https:\/\/api.w.org\/{rel}","templated":true}]}}