{"id":28301,"date":"2026-03-13T10:18:48","date_gmt":"2026-03-13T17:18:48","guid":{"rendered":"https:\/\/elreporterodelacomunidad.com\/?p=28301"},"modified":"2026-03-13T10:18:52","modified_gmt":"2026-03-13T17:18:52","slug":"llega-concurso-me-encanta-hermosillo-a-la-cafe-combate","status":"publish","type":"post","link":"https:\/\/elreporterodelacomunidad.com\/index.php\/2026\/03\/13\/llega-concurso-me-encanta-hermosillo-a-la-cafe-combate\/","title":{"rendered":"Llega concurso \u201cMe EnCanta Hermosillo&#8221; a la Caf\u00e9 Combate"},"content":{"rendered":"\n<p>Fueron trece talentos locales quienes dieron lo mejor de s\u00ed en su presentaci\u00f3n<\/p>\n\n\n\n<p>Hermosillo, Sonora, 12 de marzo, 2026.- Con trece int\u00e9rpretes de diferentes g\u00e9neros musicales, la tarde del mi\u00e9rcoles se realiz\u00f3 el concurso &#8220;Me EnCanta Hermosillo&#8221; en la colonia Caf\u00e9 Combate la tarde del pasado mi\u00e9rcoles.<\/p>\n\n\n\n<p>Organizado por el Gobierno de Hermosillo a trav\u00e9s de Radio La H 89.3 FM en colaboraci\u00f3n con La Kaliente 90.7 FM este concurso fomenta la participaci\u00f3n del talento local en las colonias.<\/p>\n\n\n\n<p>Los ganadores de este encuentro fueron: primer lugar Edith \u00c1lvarez con la interpretaci\u00f3n de la canci\u00f3n \u201cLos Laureles\u201d, segundo lugar Ricardo Ballesteros Villa con \u201cDe qu\u00e9 manera te olvido\u201d y tercer lugar para Oliver Ochoa Monteverde con la canci\u00f3n \u201cDe qu\u00e9 manera te olvido\u201d.<\/p>\n\n\n\n<p>En esta edici\u00f3n la locutora de La Kaliente F\u00e1tima Parra fue la encargada de presentar a cada uno de los concursantes, donde previamente ameniz\u00f3 el grupo vers\u00e1til Vintage.<\/p>\n\n\n\n<p>Como jurado estuvieron las locutoras de La Kaliente, Tania Coronado y Jasive P\u00e9rez, quienes felicitaron a los concursantes por dar lo mejor de s\u00ed en su presentaci\u00f3n.<\/p>\n\n\n\n<p>El siguiente concurso de canto se desarrollar\u00e1 en la colonia Camino Real, por lo que se invita a los talentos locales a registrarse a trav\u00e9s de las redes sociales de Radio La H 89.3 FM.<\/p>\n\n\n\n<p class=\"has-text-align-center\"><img loading=\"lazy\" decoding=\"async\" width=\"500\" height=\"264\" class=\"wp-image-28303\" style=\"width: 500px;\" src=\"https:\/\/elreporterodelacomunidad.com\/wp-content\/uploads\/2026\/03\/c1da4677-a50c-40f7-9abf-bcab0ea0c9bd.jpg\" alt=\"\" srcset=\"https:\/\/elreporterodelacomunidad.com\/wp-content\/uploads\/2026\/03\/c1da4677-a50c-40f7-9abf-bcab0ea0c9bd.jpg 1040w, https:\/\/elreporterodelacomunidad.com\/wp-content\/uploads\/2026\/03\/c1da4677-a50c-40f7-9abf-bcab0ea0c9bd-300x158.jpg 300w, https:\/\/elreporterodelacomunidad.com\/wp-content\/uploads\/2026\/03\/c1da4677-a50c-40f7-9abf-bcab0ea0c9bd-1024x541.jpg 1024w, https:\/\/elreporterodelacomunidad.com\/wp-content\/uploads\/2026\/03\/c1da4677-a50c-40f7-9abf-bcab0ea0c9bd-768x405.jpg 768w, https:\/\/elreporterodelacomunidad.com\/wp-content\/uploads\/2026\/03\/c1da4677-a50c-40f7-9abf-bcab0ea0c9bd-750x396.jpg 750w\" sizes=\"auto, (max-width: 500px) 100vw, 500px\" \/><\/p>\n","protected":false},"excerpt":{"rendered":"<p>Fueron trece talentos locales quienes dieron lo mejor de s\u00ed en su presentaci\u00f3n Hermosillo, Sonora, 12 de marzo, 2026.- Con trece int\u00e9rpretes de diferentes g\u00e9neros musicales, la tarde del mi\u00e9rcoles se realiz\u00f3 el concurso &#8220;Me EnCanta Hermosillo&#8221; en la colonia Caf\u00e9 Combate la tarde del pasado mi\u00e9rcoles. Organizado por el Gobierno de Hermosillo a trav\u00e9s [&hellip;]<\/p>\n","protected":false},"author":4,"featured_media":28304,"comment_status":"open","ping_status":"open","sticky":false,"template":"","format":"standard","meta":{"footnotes":""},"categories":[31],"tags":[],"class_list":["post-28301","post","type-post","status-publish","format-standard","has-post-thumbnail","hentry","category-espectaculos"],"_links":{"self":[{"href":"https:\/\/elreporterodelacomunidad.com\/index.php\/wp-json\/wp\/v2\/posts\/28301","targetHints":{"allow":["GET"]}}],"collection":[{"href":"https:\/\/elreporterodelacomunidad.com\/index.php\/wp-json\/wp\/v2\/posts"}],"about":[{"href":"https:\/\/elreporterodelacomunidad.com\/index.php\/wp-json\/wp\/v2\/types\/post"}],"author":[{"embeddable":true,"href":"https:\/\/elreporterodelacomunidad.com\/index.php\/wp-json\/wp\/v2\/users\/4"}],"replies":[{"embeddable":true,"href":"https:\/\/elreporterodelacomunidad.com\/index.php\/wp-json\/wp\/v2\/comments?post=28301"}],"version-history":[{"count":1,"href":"https:\/\/elreporterodelacomunidad.com\/index.php\/wp-json\/wp\/v2\/posts\/28301\/revisions"}],"predecessor-version":[{"id":28305,"href":"https:\/\/elreporterodelacomunidad.com\/index.php\/wp-json\/wp\/v2\/posts\/28301\/revisions\/28305"}],"wp:featuredmedia":[{"embeddable":true,"href":"https:\/\/elreporterodelacomunidad.com\/index.php\/wp-json\/wp\/v2\/media\/28304"}],"wp:attachment":[{"href":"https:\/\/elreporterodelacomunidad.com\/index.php\/wp-json\/wp\/v2\/media?parent=28301"}],"wp:term":[{"taxonomy":"category","embeddable":true,"href":"https:\/\/elreporterodelacomunidad.com\/index.php\/wp-json\/wp\/v2\/categories?post=28301"},{"taxonomy":"post_tag","embeddable":true,"href":"https:\/\/elreporterodelacomunidad.com\/index.php\/wp-json\/wp\/v2\/tags?post=28301"}],"curies":[{"name":"wp","href":"https:\/\/api.w.org\/{rel}","templated":true}]}}