{"id":2817,"date":"2024-02-07T00:00:00","date_gmt":"2024-02-07T07:00:00","guid":{"rendered":"https:\/\/elreporterodelacomunidad.com\/index.php\/2024\/02\/07\/para-promover-el-voto-joven-iee-sonora-lanza-concurso-de-videos-votar-si-importa\/"},"modified":"2024-02-07T00:00:00","modified_gmt":"2024-02-07T07:00:00","slug":"para-promover-el-voto-joven-iee-sonora-lanza-concurso-de-videos-votar-si-importa","status":"publish","type":"post","link":"https:\/\/elreporterodelacomunidad.com\/index.php\/2024\/02\/07\/para-promover-el-voto-joven-iee-sonora-lanza-concurso-de-videos-votar-si-importa\/","title":{"rendered":"Para promover el voto joven, IEE Sonora lanza concurso de v\u00eddeos \u201cVotar \u00a1S\u00ed importa!\u201d"},"content":{"rendered":"<div>A\u00fan cuando la poblaci\u00f3n joven representa un tercio de la Lista Nominal en Sonora, hist\u00f3ricamente no se ha involucrado de manera activa en los procesos electorales, por ello el Instituto Estatal Electoral y de Participaci\u00f3n Ciudadana (IEE Sonora) lanz\u00f3 el Concurso de V\u00eddeo \u201cVotar \u00a1S\u00ed importa!\u201d, en aras de promover el voto joven este 2 de junio.<\/div>\n<div><\/div>\n<div>La invitaci\u00f3n es para todos los ciudadanos del estado mayores de 18 a\u00f1os o pr\u00f3ximos a cumplirlos antes del d\u00eda de la jornada electoral, quienes podr\u00e1n crear uno o m\u00e1s videos originales de hasta 30 segundos de duraci\u00f3n para publicarse en la red social TikTok, en donde destaquen por qu\u00e9 es importante votar.<\/div>\n<div><\/div>\n<div>Este mi\u00e9rcoles en conferencia de prensa, el consejero presidente Nery Ruiz Arvizu explic\u00f3 que para tener una democracia realmente representativa se requiere de todos los sectores de la sociedad, y \u201clos j\u00f3venes esencialmente se sienten alejados de la pol\u00edtica, no tomados en cuenta, no incorporados a cargos p\u00fablicos, no incorporados en las planillas de los partidos pol\u00edticos\u201d.<\/div>\n<div><\/div>\n<div>\u201cEntendemos que hay varias razones para la apat\u00eda en la juventud, pero es crucial superar estos desaf\u00edos y trabajar juntos para revitalizar nuestro proceso democr\u00e1tico, esto con la intenci\u00f3n de un plan de promoci\u00f3n del voto en donde est\u00e1 incluida la convocatoria de \u201cVotar \u00a1S\u00ed importa!\u201d, adem\u00e1s de conversatorios, foros regionales, juveniles, di\u00e1logos universitarios, torneos deportivos, entre otros\u201d, precis\u00f3.<\/div>\n<div><\/div>\n<div>Por su parte el consejero Daniel Rodarte Ram\u00edrez, presidente de la Comisi\u00f3n Temporal de Participaci\u00f3n Ciudadana, explic\u00f3 que es la primera vez que se hace un esfuerzo de promoci\u00f3n de este tipo, dirigido a la poblaci\u00f3n joven.<\/div>\n<div><\/div>\n<div>\u201cEl d\u00eda 10 de abril se escoger\u00e1n 10 v\u00eddeos finalistas y despu\u00e9s el 15 de abril se determinar\u00e1 el primero, segundo y tercer lugar; los premios ser\u00e1n entregados el 24 de abril\u201d, precis\u00f3.<\/div>\n<div><\/div>\n<div>El proceso de selecci\u00f3n de los videos estar\u00e1 a cargo de un jurado calificador que evaluar\u00e1 la originalidad, el mensaje y la calidad de grabaci\u00f3n y edici\u00f3n de cada propuesta.&nbsp;<\/div>\n<div><\/div>\n<div>Los premios para los ganadores son:<\/div>\n<div><\/div>\n<div>Primer lugar: 30 mil pesos<\/div>\n<div>Segundo lugar: 20 mil pesos<\/div>\n<div>Tercer lugar: 10 mil pesos<\/div>\n<div><\/div>\n<div>Para obtener m\u00e1s detalles sobre la convocatoria y c\u00f3mo participar, se invita a los interesados a visitar el sitio web del IEE Sonora: www.ieesonora.org.mx\/concursotiktok.<\/div>\n<div><\/div>\n<div>De acuerdo a cifras de procesos anteriores tres de cada diez j\u00f3venes con credencial para votar vigente ejercieron su derecho al voto, por lo que con esfuerzos como el Concurso de Video \u201cVotar \u00a1S\u00ed importa!\u201d el IEE Sonora busca incentivar la participaci\u00f3n de m\u00e1s de 600 mil personas de entre 18 y 29 a\u00f1os.<\/div>\n","protected":false},"excerpt":{"rendered":"<p>A\u00fan cuando la poblaci\u00f3n joven representa un tercio de la Lista Nominal en Sonora, hist\u00f3ricamente no se ha involucrado de manera activa en los procesos electorales, por ello el Instituto Estatal Electoral y de Participaci\u00f3n Ciudadana (IEE Sonora) lanz\u00f3 el Concurso de V\u00eddeo \u201cVotar \u00a1S\u00ed importa!\u201d, en aras de promover el voto joven este 2 [&hellip;]<\/p>\n","protected":false},"author":1,"featured_media":2818,"comment_status":"open","ping_status":"open","sticky":false,"template":"","format":"standard","meta":{"footnotes":""},"categories":[39],"tags":[],"class_list":["post-2817","post","type-post","status-publish","format-standard","has-post-thumbnail","hentry","category-politica"],"_links":{"self":[{"href":"https:\/\/elreporterodelacomunidad.com\/index.php\/wp-json\/wp\/v2\/posts\/2817","targetHints":{"allow":["GET"]}}],"collection":[{"href":"https:\/\/elreporterodelacomunidad.com\/index.php\/wp-json\/wp\/v2\/posts"}],"about":[{"href":"https:\/\/elreporterodelacomunidad.com\/index.php\/wp-json\/wp\/v2\/types\/post"}],"author":[{"embeddable":true,"href":"https:\/\/elreporterodelacomunidad.com\/index.php\/wp-json\/wp\/v2\/users\/1"}],"replies":[{"embeddable":true,"href":"https:\/\/elreporterodelacomunidad.com\/index.php\/wp-json\/wp\/v2\/comments?post=2817"}],"version-history":[{"count":0,"href":"https:\/\/elreporterodelacomunidad.com\/index.php\/wp-json\/wp\/v2\/posts\/2817\/revisions"}],"wp:featuredmedia":[{"embeddable":true,"href":"https:\/\/elreporterodelacomunidad.com\/index.php\/wp-json\/wp\/v2\/media\/2818"}],"wp:attachment":[{"href":"https:\/\/elreporterodelacomunidad.com\/index.php\/wp-json\/wp\/v2\/media?parent=2817"}],"wp:term":[{"taxonomy":"category","embeddable":true,"href":"https:\/\/elreporterodelacomunidad.com\/index.php\/wp-json\/wp\/v2\/categories?post=2817"},{"taxonomy":"post_tag","embeddable":true,"href":"https:\/\/elreporterodelacomunidad.com\/index.php\/wp-json\/wp\/v2\/tags?post=2817"}],"curies":[{"name":"wp","href":"https:\/\/api.w.org\/{rel}","templated":true}]}}