{"id":280,"date":"2024-05-07T00:00:00","date_gmt":"2024-05-07T07:00:00","guid":{"rendered":"https:\/\/elreporterodelacomunidad.com\/index.php\/2024\/05\/07\/con-normalidad-fueron-reanudadas-las-actividades-educativas-en-la-universidad-estatal-de-sonora-sec\/"},"modified":"2024-05-18T21:55:45","modified_gmt":"2024-05-19T04:55:45","slug":"con-normalidad-fueron-reanudadas-las-actividades-educativas-en-la-universidad-estatal-de-sonora-sec","status":"publish","type":"post","link":"https:\/\/elreporterodelacomunidad.com\/index.php\/2024\/05\/07\/con-normalidad-fueron-reanudadas-las-actividades-educativas-en-la-universidad-estatal-de-sonora-sec\/","title":{"rendered":"Con normalidad fueron reanudadas las actividades educativas en la Universidad Estatal de Sonora: SEC"},"content":{"rendered":"<div>Alrededor de 15 mil estudiantes universitarios reanudaron clases este martes 7 de mayo en las cinco unidades acad\u00e9micas de la Universidad Estatal de Sonora (UES), inform\u00f3 la Secretar\u00eda de Educaci\u00f3n y Cultura (SEC).<\/div>\n<div><\/div>\n<div>La autoridad educativa estatal, detall\u00f3 que en San Luis R\u00edo Colorado, Hermosillo, Navojoa, Magdalena y Benito Ju\u00e1rez se registr\u00f3 con normalidad la afluencia de la comunidad escolar, para continuar con las actividades acad\u00e9micas rumbo al cierre del semestre 2024-1.<\/div>\n<div><\/div>\n<div>La SEC indic\u00f3 que, de acuerdo con informaci\u00f3n difundida por la UES, se encuentra vigente el proceso de nuevo ingreso a la instituci\u00f3n, por lo que del 13 al 21 de mayo se aplicar\u00e1n los ex\u00e1menes correspondientes.<\/div>\n<div><\/div>\n<div>Asimismo, las autoridades universitarias exhortaron al alumnado a permanecer atentos a cualquier informaci\u00f3n que se genere en las redes sociales oficiales de la UES y en su portal https:\/\/www.ues.mx\/, respecto a las fechas de las distintas actividades programadas por la instituci\u00f3n.<\/div>\n","protected":false},"excerpt":{"rendered":"<p>Alrededor de 15 mil estudiantes universitarios reanudaron clases este martes 7 de mayo en las cinco unidades acad\u00e9micas de la Universidad Estatal de Sonora (UES), inform\u00f3 la Secretar\u00eda de Educaci\u00f3n y Cultura (SEC). La autoridad educativa estatal, detall\u00f3 que en San Luis R\u00edo Colorado, Hermosillo, Navojoa, Magdalena y Benito Ju\u00e1rez se registr\u00f3 con normalidad la [&hellip;]<\/p>\n","protected":false},"author":1,"featured_media":683,"comment_status":"open","ping_status":"open","sticky":false,"template":"","format":"standard","meta":{"footnotes":""},"categories":[36],"tags":[],"class_list":["post-280","post","type-post","status-publish","format-standard","has-post-thumbnail","hentry","category-educacion"],"_links":{"self":[{"href":"https:\/\/elreporterodelacomunidad.com\/index.php\/wp-json\/wp\/v2\/posts\/280","targetHints":{"allow":["GET"]}}],"collection":[{"href":"https:\/\/elreporterodelacomunidad.com\/index.php\/wp-json\/wp\/v2\/posts"}],"about":[{"href":"https:\/\/elreporterodelacomunidad.com\/index.php\/wp-json\/wp\/v2\/types\/post"}],"author":[{"embeddable":true,"href":"https:\/\/elreporterodelacomunidad.com\/index.php\/wp-json\/wp\/v2\/users\/1"}],"replies":[{"embeddable":true,"href":"https:\/\/elreporterodelacomunidad.com\/index.php\/wp-json\/wp\/v2\/comments?post=280"}],"version-history":[{"count":1,"href":"https:\/\/elreporterodelacomunidad.com\/index.php\/wp-json\/wp\/v2\/posts\/280\/revisions"}],"predecessor-version":[{"id":682,"href":"https:\/\/elreporterodelacomunidad.com\/index.php\/wp-json\/wp\/v2\/posts\/280\/revisions\/682"}],"wp:featuredmedia":[{"embeddable":true,"href":"https:\/\/elreporterodelacomunidad.com\/index.php\/wp-json\/wp\/v2\/media\/683"}],"wp:attachment":[{"href":"https:\/\/elreporterodelacomunidad.com\/index.php\/wp-json\/wp\/v2\/media?parent=280"}],"wp:term":[{"taxonomy":"category","embeddable":true,"href":"https:\/\/elreporterodelacomunidad.com\/index.php\/wp-json\/wp\/v2\/categories?post=280"},{"taxonomy":"post_tag","embeddable":true,"href":"https:\/\/elreporterodelacomunidad.com\/index.php\/wp-json\/wp\/v2\/tags?post=280"}],"curies":[{"name":"wp","href":"https:\/\/api.w.org\/{rel}","templated":true}]}}