{"id":27947,"date":"2026-03-04T14:55:51","date_gmt":"2026-03-04T21:55:51","guid":{"rendered":"https:\/\/elreporterodelacomunidad.com\/?p=27947"},"modified":"2026-03-04T14:55:54","modified_gmt":"2026-03-04T21:55:54","slug":"acceso-a-la-educacion-favorece-la-reinsercion-social-de-las-y-los-jovenes-itama","status":"publish","type":"post","link":"https:\/\/elreporterodelacomunidad.com\/index.php\/2026\/03\/04\/acceso-a-la-educacion-favorece-la-reinsercion-social-de-las-y-los-jovenes-itama\/","title":{"rendered":"Acceso a la educaci\u00f3n favorece la reinserci\u00f3n social de las y los j\u00f3venes: ITAMA"},"content":{"rendered":"\n<p>Hermosillo, Sonora; 4 de marzo de 2026.- Ofrecer un plan educativo a j\u00f3venes que cumplen una medida de internamiento para su reinserci\u00f3n social en alguno de los centros del Instituto de Tratamiento y de Aplicaci\u00f3n de Medidas para Adolescentes (ITAMA) en Sonora favorece su evoluci\u00f3n y disminuye la posibilidad de reincidencia en una conducta de riesgo al momento de su egreso.<\/p>\n\n\n\n<p>Al proveer de herramientas y conocimientos a la poblaci\u00f3n durante su proceso en ITAMA, el beneficio en su persona es notable y se refleja en su comportamiento; por ello, la educaci\u00f3n es parte sustantiva del tratamiento al que tienen acceso.<\/p>\n\n\n\n<p>Karla Ibeth Quijada Romo, directora general de ITAMA, inform\u00f3 que desde la llegada de las y los adolescentes, se lleva a cabo un proceso para que inicie o retome sus estudios durante el tiempo que permanezca en tratamiento.<\/p>\n\n\n\n<p>Actualmente, la gran mayor\u00eda de la poblaci\u00f3n interna en ITAMA cursa estudios de preparatoria con desempe\u00f1os acad\u00e9micos y promedios aprobatorios. Con el soporte del Instituto Sonorense de Educaci\u00f3n para los Adultos (ISEA), se trabaja en la nivelaci\u00f3n acad\u00e9mica de cada adolescente y joven adulto para que al egresar cuente con un documento oficial que valide sus estudios.<\/p>\n\n\n\n<p>Por su parte, Isabel Guti\u00e9rrez Celaya, psic\u00f3loga de ITAMA, refiri\u00f3 que el impacto de los estudios en las y los j\u00f3venes es positivo, sobre todo en su autoestima.<\/p>\n\n\n\n<p>Lo anterior, mencion\u00f3, favorece la evoluci\u00f3n de su tratamiento, aunado a que se les provee de fortalezas como la capacitaci\u00f3n para el trabajo, apoyos del \u00e1rea de Psicolog\u00eda y Trabajo Social, as\u00ed como el soporte familiar, aspectos indispensables para lograr una reinserci\u00f3n integral.<\/p>\n","protected":false},"excerpt":{"rendered":"<p>Hermosillo, Sonora; 4 de marzo de 2026.- Ofrecer un plan educativo a j\u00f3venes que cumplen una medida de internamiento para su reinserci\u00f3n social en alguno de los centros del Instituto de Tratamiento y de Aplicaci\u00f3n de Medidas para Adolescentes (ITAMA) en Sonora favorece su evoluci\u00f3n y disminuye la posibilidad de reincidencia en una conducta de [&hellip;]<\/p>\n","protected":false},"author":1,"featured_media":27948,"comment_status":"open","ping_status":"open","sticky":false,"template":"","format":"standard","meta":{"footnotes":""},"categories":[36],"tags":[],"class_list":["post-27947","post","type-post","status-publish","format-standard","has-post-thumbnail","hentry","category-educacion"],"_links":{"self":[{"href":"https:\/\/elreporterodelacomunidad.com\/index.php\/wp-json\/wp\/v2\/posts\/27947","targetHints":{"allow":["GET"]}}],"collection":[{"href":"https:\/\/elreporterodelacomunidad.com\/index.php\/wp-json\/wp\/v2\/posts"}],"about":[{"href":"https:\/\/elreporterodelacomunidad.com\/index.php\/wp-json\/wp\/v2\/types\/post"}],"author":[{"embeddable":true,"href":"https:\/\/elreporterodelacomunidad.com\/index.php\/wp-json\/wp\/v2\/users\/1"}],"replies":[{"embeddable":true,"href":"https:\/\/elreporterodelacomunidad.com\/index.php\/wp-json\/wp\/v2\/comments?post=27947"}],"version-history":[{"count":1,"href":"https:\/\/elreporterodelacomunidad.com\/index.php\/wp-json\/wp\/v2\/posts\/27947\/revisions"}],"predecessor-version":[{"id":27949,"href":"https:\/\/elreporterodelacomunidad.com\/index.php\/wp-json\/wp\/v2\/posts\/27947\/revisions\/27949"}],"wp:featuredmedia":[{"embeddable":true,"href":"https:\/\/elreporterodelacomunidad.com\/index.php\/wp-json\/wp\/v2\/media\/27948"}],"wp:attachment":[{"href":"https:\/\/elreporterodelacomunidad.com\/index.php\/wp-json\/wp\/v2\/media?parent=27947"}],"wp:term":[{"taxonomy":"category","embeddable":true,"href":"https:\/\/elreporterodelacomunidad.com\/index.php\/wp-json\/wp\/v2\/categories?post=27947"},{"taxonomy":"post_tag","embeddable":true,"href":"https:\/\/elreporterodelacomunidad.com\/index.php\/wp-json\/wp\/v2\/tags?post=27947"}],"curies":[{"name":"wp","href":"https:\/\/api.w.org\/{rel}","templated":true}]}}