{"id":27940,"date":"2026-03-04T14:51:24","date_gmt":"2026-03-04T21:51:24","guid":{"rendered":"https:\/\/elreporterodelacomunidad.com\/?p=27940"},"modified":"2026-03-04T14:51:28","modified_gmt":"2026-03-04T21:51:28","slug":"vinculados-a-proceso-a-tres-sujetos-por-tentativa-de-privacion-ilegal-de-la-libertad-en-hermosillo-fgjes","status":"publish","type":"post","link":"https:\/\/elreporterodelacomunidad.com\/index.php\/2026\/03\/04\/vinculados-a-proceso-a-tres-sujetos-por-tentativa-de-privacion-ilegal-de-la-libertad-en-hermosillo-fgjes\/","title":{"rendered":"Vinculados a proceso a tres sujetos por tentativa de privaci\u00f3n ilegal de la libertad en Hermosillo: FGJES"},"content":{"rendered":"\n<p>Hermosillo, Sonora, 4 de marzo de 2026.- La Fiscal\u00eda General de Justicia del Estado de Sonora (FGJES) obtuvo auto de vinculaci\u00f3n a proceso en contra de David Eduardo \u201cN\u201d, de 23 a\u00f1os; Jes\u00fas Gabriel \u201cN\u201d, de 20; y Esteban No\u00e9 \u201cN\u201d, de 23, por su probable responsabilidad en los delitos de privaci\u00f3n ilegal de la libertad en grado de tentativa y asociaci\u00f3n delictuosa, en perjuicio de un hombre de 37 a\u00f1os de edad, en Hermosillo.<\/p>\n\n\n\n<p>De acuerdo con las investigaciones, el pasado 21 de febrero, los imputados, en compa\u00f1\u00eda de un adolescente, interceptaron a la v\u00edctima sobre el bulevar L\u00e1zaro Mercado, en la colonia Villas del Rea, utilizando un veh\u00edculo Volkswagen Jetta, color blanco, modelo 2014, golpe\u00e1ndolo con la unidad y amenaz\u00e1ndolo con armas de fuego con la finalidad de obligarlo a subir al autom\u00f3vil.<\/p>\n\n\n\n<p>La v\u00edctima logr\u00f3 huir y resguardarse en un establecimiento comercial cercano; sin embargo, los agresores ingresaron al lugar portando armas de fuego con el prop\u00f3sito de localizarlo y privarlo de su libertad, mientras uno de ellos permanec\u00eda al volante del veh\u00edculo.<\/p>\n\n\n\n<p>La conducta fue interrumpida cuando agentes de la Polic\u00eda Estatal de Seguridad P\u00fablica (PESP) arribaron al sitio; al ser abordados por los elementos, tres de los imputados intentaron huir a bordo del veh\u00edculo; al realizarles una revisi\u00f3n corporal, les fueron aseguradas armas de fuego abastecidas con cartuchos \u00fatiles.<\/p>\n\n\n\n<p>Respecto al adolescente, de 16 a\u00f1os, quien portaba una postila abastecida con cartuchos \u00fatiles; se declar\u00f3 incompetencia por el delito de violaci\u00f3n a la Ley Federal de Armas de Fuego y Explosivos, quedando a disposici\u00f3n de la Fiscal\u00eda General de la Rep\u00fablica (FGR).<\/p>\n\n\n\n<p>La Fiscal\u00eda General de Justicia del Estado de Sonora reitera su compromiso de actuar con firmeza ante conductas que atenten contra la libertad y la seguridad de las personas, impulsando procesos penales s\u00f3lidos y coordinados para garantizar el acceso a la justicia.<\/p>\n\n\n\n<p class=\"has-text-align-center\"><img loading=\"lazy\" decoding=\"async\" width=\"400\" height=\"406\" class=\"wp-image-27942\" style=\"width: 400px;\" src=\"https:\/\/elreporterodelacomunidad.com\/wp-content\/uploads\/2026\/03\/217e14c8-0327-4f8c-a7f3-303734b03f4d.jpg\" alt=\"\" srcset=\"https:\/\/elreporterodelacomunidad.com\/wp-content\/uploads\/2026\/03\/217e14c8-0327-4f8c-a7f3-303734b03f4d.jpg 1079w, https:\/\/elreporterodelacomunidad.com\/wp-content\/uploads\/2026\/03\/217e14c8-0327-4f8c-a7f3-303734b03f4d-296x300.jpg 296w, https:\/\/elreporterodelacomunidad.com\/wp-content\/uploads\/2026\/03\/217e14c8-0327-4f8c-a7f3-303734b03f4d-1009x1024.jpg 1009w, https:\/\/elreporterodelacomunidad.com\/wp-content\/uploads\/2026\/03\/217e14c8-0327-4f8c-a7f3-303734b03f4d-768x779.jpg 768w, https:\/\/elreporterodelacomunidad.com\/wp-content\/uploads\/2026\/03\/217e14c8-0327-4f8c-a7f3-303734b03f4d-75x75.jpg 75w, https:\/\/elreporterodelacomunidad.com\/wp-content\/uploads\/2026\/03\/217e14c8-0327-4f8c-a7f3-303734b03f4d-750x761.jpg 750w\" sizes=\"auto, (max-width: 400px) 100vw, 400px\" \/><\/p>\n","protected":false},"excerpt":{"rendered":"<p>Hermosillo, Sonora, 4 de marzo de 2026.- La Fiscal\u00eda General de Justicia del Estado de Sonora (FGJES) obtuvo auto de vinculaci\u00f3n a proceso en contra de David Eduardo \u201cN\u201d, de 23 a\u00f1os; Jes\u00fas Gabriel \u201cN\u201d, de 20; y Esteban No\u00e9 \u201cN\u201d, de 23, por su probable responsabilidad en los delitos de privaci\u00f3n ilegal de la [&hellip;]<\/p>\n","protected":false},"author":1,"featured_media":27941,"comment_status":"open","ping_status":"open","sticky":false,"template":"","format":"standard","meta":{"footnotes":""},"categories":[32],"tags":[],"class_list":["post-27940","post","type-post","status-publish","format-standard","has-post-thumbnail","hentry","category-policiaca"],"_links":{"self":[{"href":"https:\/\/elreporterodelacomunidad.com\/index.php\/wp-json\/wp\/v2\/posts\/27940","targetHints":{"allow":["GET"]}}],"collection":[{"href":"https:\/\/elreporterodelacomunidad.com\/index.php\/wp-json\/wp\/v2\/posts"}],"about":[{"href":"https:\/\/elreporterodelacomunidad.com\/index.php\/wp-json\/wp\/v2\/types\/post"}],"author":[{"embeddable":true,"href":"https:\/\/elreporterodelacomunidad.com\/index.php\/wp-json\/wp\/v2\/users\/1"}],"replies":[{"embeddable":true,"href":"https:\/\/elreporterodelacomunidad.com\/index.php\/wp-json\/wp\/v2\/comments?post=27940"}],"version-history":[{"count":1,"href":"https:\/\/elreporterodelacomunidad.com\/index.php\/wp-json\/wp\/v2\/posts\/27940\/revisions"}],"predecessor-version":[{"id":27943,"href":"https:\/\/elreporterodelacomunidad.com\/index.php\/wp-json\/wp\/v2\/posts\/27940\/revisions\/27943"}],"wp:featuredmedia":[{"embeddable":true,"href":"https:\/\/elreporterodelacomunidad.com\/index.php\/wp-json\/wp\/v2\/media\/27941"}],"wp:attachment":[{"href":"https:\/\/elreporterodelacomunidad.com\/index.php\/wp-json\/wp\/v2\/media?parent=27940"}],"wp:term":[{"taxonomy":"category","embeddable":true,"href":"https:\/\/elreporterodelacomunidad.com\/index.php\/wp-json\/wp\/v2\/categories?post=27940"},{"taxonomy":"post_tag","embeddable":true,"href":"https:\/\/elreporterodelacomunidad.com\/index.php\/wp-json\/wp\/v2\/tags?post=27940"}],"curies":[{"name":"wp","href":"https:\/\/api.w.org\/{rel}","templated":true}]}}