{"id":27886,"date":"2026-03-03T14:49:43","date_gmt":"2026-03-03T21:49:43","guid":{"rendered":"https:\/\/elreporterodelacomunidad.com\/?p=27886"},"modified":"2026-03-03T14:49:46","modified_gmt":"2026-03-03T21:49:46","slug":"estudiantes-de-conalep-sonora-cada-vez-mas-cerca-de-la-olimpiada-nacional-conade-2026","status":"publish","type":"post","link":"https:\/\/elreporterodelacomunidad.com\/index.php\/2026\/03\/03\/estudiantes-de-conalep-sonora-cada-vez-mas-cerca-de-la-olimpiada-nacional-conade-2026\/","title":{"rendered":"Estudiantes de Conalep Sonora cada vez m\u00e1s cerca de la Olimpiada Nacional Conade 2026"},"content":{"rendered":"\n<p>San Luis R\u00edo Colorado, Sonora; 3 de marzo de 2026.- Con cinco medallas de oro, una de plata y una de bronce, estudiantes del Colegio de Educaci\u00f3n Profesional T\u00e9cnica del Estado de Sonora (Conalep), plantel San Luis R\u00edo Colorado, est\u00e1n m\u00e1s cerca de clasificar a la Olimpiada Nacional Conade 2026 en karate.<\/p>\n\n\n\n<p>Los j\u00f3venes destacaron en dicha disciplina deportiva, as\u00ed como en kata en equipos, durante la etapa estatal que reuni\u00f3, en Ciudad Obreg\u00f3n, a los mejores exponentes de la entidad y su pr\u00f3xima participaci\u00f3n ser\u00e1 del 25 al 29 de marzo en el clasificatorio que se llevar\u00e1 a cabo en Guadalajara, Jalisco.<\/p>\n\n\n\n<p>La directora general de Conalep Sonora, Luisa Cristina Rodr\u00edguez Ibarra, enfatiz\u00f3 que los talentosos deportistas demostraron disciplina, constancia, compromiso, car\u00e1cter y pasi\u00f3n en cada combate.<\/p>\n\n\n\n<p>A\u00f1adi\u00f3 que este tipo de procesos fortalece su formaci\u00f3n integral, al fomentar valores como la disciplina, la constancia y el alto rendimiento, adem\u00e1s de proyectar el talento juvenil sonorense en escenarios de alto nivel.<\/p>\n\n\n\n<p>Resalt\u00f3 que son motivo de orgullo para la comunidad escolar en general, ya que su entrega dentro y fuera del aula pone en alto el nombre del subsistema y de Sonora en cada competencia.<\/p>\n\n\n\n<p>Resultados que reflejan su gran desempe\u00f1o:<br>\u2022 Oro: Josu\u00e9 Hern\u00e1ndez -55kg<br>\u2022 Oro: Emmanuel Viera -60kg<br>\u2022 Oro: Kevin Rangel -67kg<br>\u2022 Oro: Emmanuel Viera \u2013 Kata por equipos<br>\u2022 Oro: Kevin Rangel \u2013 Kata por equipos<br>\u2022 Plata: Heidi Villarreal -53kg<br>\u2022 Bronce: Violet Romero +66kg<\/p>\n","protected":false},"excerpt":{"rendered":"<p>San Luis R\u00edo Colorado, Sonora; 3 de marzo de 2026.- Con cinco medallas de oro, una de plata y una de bronce, estudiantes del Colegio de Educaci\u00f3n Profesional T\u00e9cnica del Estado de Sonora (Conalep), plantel San Luis R\u00edo Colorado, est\u00e1n m\u00e1s cerca de clasificar a la Olimpiada Nacional Conade 2026 en karate. Los j\u00f3venes destacaron [&hellip;]<\/p>\n","protected":false},"author":4,"featured_media":27887,"comment_status":"open","ping_status":"open","sticky":false,"template":"","format":"standard","meta":{"footnotes":""},"categories":[33],"tags":[],"class_list":["post-27886","post","type-post","status-publish","format-standard","has-post-thumbnail","hentry","category-deportes"],"_links":{"self":[{"href":"https:\/\/elreporterodelacomunidad.com\/index.php\/wp-json\/wp\/v2\/posts\/27886","targetHints":{"allow":["GET"]}}],"collection":[{"href":"https:\/\/elreporterodelacomunidad.com\/index.php\/wp-json\/wp\/v2\/posts"}],"about":[{"href":"https:\/\/elreporterodelacomunidad.com\/index.php\/wp-json\/wp\/v2\/types\/post"}],"author":[{"embeddable":true,"href":"https:\/\/elreporterodelacomunidad.com\/index.php\/wp-json\/wp\/v2\/users\/4"}],"replies":[{"embeddable":true,"href":"https:\/\/elreporterodelacomunidad.com\/index.php\/wp-json\/wp\/v2\/comments?post=27886"}],"version-history":[{"count":1,"href":"https:\/\/elreporterodelacomunidad.com\/index.php\/wp-json\/wp\/v2\/posts\/27886\/revisions"}],"predecessor-version":[{"id":27888,"href":"https:\/\/elreporterodelacomunidad.com\/index.php\/wp-json\/wp\/v2\/posts\/27886\/revisions\/27888"}],"wp:featuredmedia":[{"embeddable":true,"href":"https:\/\/elreporterodelacomunidad.com\/index.php\/wp-json\/wp\/v2\/media\/27887"}],"wp:attachment":[{"href":"https:\/\/elreporterodelacomunidad.com\/index.php\/wp-json\/wp\/v2\/media?parent=27886"}],"wp:term":[{"taxonomy":"category","embeddable":true,"href":"https:\/\/elreporterodelacomunidad.com\/index.php\/wp-json\/wp\/v2\/categories?post=27886"},{"taxonomy":"post_tag","embeddable":true,"href":"https:\/\/elreporterodelacomunidad.com\/index.php\/wp-json\/wp\/v2\/tags?post=27886"}],"curies":[{"name":"wp","href":"https:\/\/api.w.org\/{rel}","templated":true}]}}