{"id":277,"date":"2024-05-07T00:00:00","date_gmt":"2024-05-07T07:00:00","guid":{"rendered":"https:\/\/elreporterodelacomunidad.com\/index.php\/2024\/05\/07\/reportan-apagones-en-al-menos-7-estados-del-pais-tras-emergencia-en-sistema-electrico\/"},"modified":"2024-05-18T21:55:33","modified_gmt":"2024-05-19T04:55:33","slug":"reportan-apagones-en-al-menos-7-estados-del-pais-tras-emergencia-en-sistema-electrico","status":"publish","type":"post","link":"https:\/\/elreporterodelacomunidad.com\/index.php\/2024\/05\/07\/reportan-apagones-en-al-menos-7-estados-del-pais-tras-emergencia-en-sistema-electrico\/","title":{"rendered":"Reportan apagones en al menos 7 estados del pa\u00eds, tras emergencia en sistema el\u00e9ctrico.&nbsp;"},"content":{"rendered":"<p class=\"MsoNormal\">Usuarios de redes sociales reportan que esta noche se registran apagones en diferentes estados del pa\u00eds, entre los que se encuentran Estado de M\u00e9xico, CDMX, Puebla, Guanajuato, Tamaulipas, Sonora, Chiapas y Quintana Roo, entre otros.<\/p>\n<p class=\"MsoNormal\">\n<p class=\"MsoNormal\">Previo a los apagones en varios estados del pa\u00eds, as\u00ed como en puntos del Valle de M\u00e9xico, el Centro Nacional de Control de Energ\u00eda (Cenace) declar\u00f3, a las 17:04 de este martes, Estado Operativo de Emergencia en el Sistema Interconectado Nacional, por lo que se \u201cllevar\u00edan a cabo las acciones operativas conducentes\u201d.<\/p>\n<p class=\"MsoNormal\">En redes sociales reportan que los cortes a la energ\u00eda el\u00e9ctrica superan los 30 minutos.<\/p>\n","protected":false},"excerpt":{"rendered":"<p>Usuarios de redes sociales reportan esta noche apagones en diferentes estados del pa\u00eds, entre los que se encuentran Sonora, Edomex, CDMX, Puebla, Guanajuato, Tamaulipas, Chiapas y Quintana Roo.<\/p>\n","protected":false},"author":1,"featured_media":676,"comment_status":"open","ping_status":"open","sticky":false,"template":"","format":"standard","meta":{"footnotes":""},"categories":[29],"tags":[],"class_list":["post-277","post","type-post","status-publish","format-standard","has-post-thumbnail","hentry","category-principalsecundaria"],"_links":{"self":[{"href":"https:\/\/elreporterodelacomunidad.com\/index.php\/wp-json\/wp\/v2\/posts\/277","targetHints":{"allow":["GET"]}}],"collection":[{"href":"https:\/\/elreporterodelacomunidad.com\/index.php\/wp-json\/wp\/v2\/posts"}],"about":[{"href":"https:\/\/elreporterodelacomunidad.com\/index.php\/wp-json\/wp\/v2\/types\/post"}],"author":[{"embeddable":true,"href":"https:\/\/elreporterodelacomunidad.com\/index.php\/wp-json\/wp\/v2\/users\/1"}],"replies":[{"embeddable":true,"href":"https:\/\/elreporterodelacomunidad.com\/index.php\/wp-json\/wp\/v2\/comments?post=277"}],"version-history":[{"count":1,"href":"https:\/\/elreporterodelacomunidad.com\/index.php\/wp-json\/wp\/v2\/posts\/277\/revisions"}],"predecessor-version":[{"id":675,"href":"https:\/\/elreporterodelacomunidad.com\/index.php\/wp-json\/wp\/v2\/posts\/277\/revisions\/675"}],"wp:featuredmedia":[{"embeddable":true,"href":"https:\/\/elreporterodelacomunidad.com\/index.php\/wp-json\/wp\/v2\/media\/676"}],"wp:attachment":[{"href":"https:\/\/elreporterodelacomunidad.com\/index.php\/wp-json\/wp\/v2\/media?parent=277"}],"wp:term":[{"taxonomy":"category","embeddable":true,"href":"https:\/\/elreporterodelacomunidad.com\/index.php\/wp-json\/wp\/v2\/categories?post=277"},{"taxonomy":"post_tag","embeddable":true,"href":"https:\/\/elreporterodelacomunidad.com\/index.php\/wp-json\/wp\/v2\/tags?post=277"}],"curies":[{"name":"wp","href":"https:\/\/api.w.org\/{rel}","templated":true}]}}