{"id":2759,"date":"2024-02-09T00:00:00","date_gmt":"2024-02-09T07:00:00","guid":{"rendered":"https:\/\/elreporterodelacomunidad.com\/index.php\/2024\/02\/09\/ine-sonora-da-banderazo-de-salida-a-las-actividades-de-las-y-los-supervisores-y-capacitadores-asistentes-electorales\/"},"modified":"2024-02-09T00:00:00","modified_gmt":"2024-02-09T07:00:00","slug":"ine-sonora-da-banderazo-de-salida-a-las-actividades-de-las-y-los-supervisores-y-capacitadores-asistentes-electorales","status":"publish","type":"post","link":"https:\/\/elreporterodelacomunidad.com\/index.php\/2024\/02\/09\/ine-sonora-da-banderazo-de-salida-a-las-actividades-de-las-y-los-supervisores-y-capacitadores-asistentes-electorales\/","title":{"rendered":"INE Sonora da banderazo de salida a las actividades de las y los Supervisores y Capacitadores Asistentes Electorales&nbsp;"},"content":{"rendered":"<p class=\"MsoNormal\">Cerca de ciento veinte ciudadanas y ciudadanos rindieron protesta ante autoridades electorales del Instituto Nacional Electoral (INE) en el estado de Sonora como Supervisores Electorales (SE) y Capacitadores Asistentes Electorales (CAE), se trata de personas que saldr\u00e1n a tocar las puertas de las y los sonorenses que resultaron sorteados el pasado 6 de febrero, para ser personas funcionarias de casilla en la jornada electoral del pr\u00f3ximo 2 de junio.<\/p>\n<p class=\"MsoNormal\">Teniendo como escenario el Cerro de Campana, s\u00edmbolo de la Ciudad de Hermosillo, la Vocal Ejecutiva del INE en Sonora, Ver\u00f3nica Sandoval Casta\u00f1eda, indic\u00f3 que la tarea de este ej\u00e9rcito de personas no es f\u00e1cil, ya que su tarea ser\u00e1 visitar, notificar, sensibilizar, capacitar y preparar a las y los 34 mil 893 ciudadanas y ciudadanos que integrar\u00e1n el funcionariado de casilla, encargado de instalar el 2 de junio las 3 mil 877 casillas proyectadas en la entidad.<\/p>\n<p class=\"MsoNormal\">A partir del 9 de febrero y hasta el 31 de marzo, bajo la coordinaci\u00f3n de las Juntas y Consejos Distritales, las y los 161 Supervisores Electorales y 976 Capacitadores y Capacitadoras Asistentes Electorales estar\u00e1n recorriendo y visitando los domicilios de la ciudadan\u00eda sonorense seleccionada, con total imparcialidad y en estricto apego a la ley, para sensibilizar y capacitar a quienes ser\u00e1n funcionarias y funcionarios de casilla en los procesos electorales federal y local de 2024.<\/p>\n<p class=\"MsoNormal\">As\u00ed, de esta manera, en las siete juntas distritales, las autoridades del INE dar\u00e1n el banderazo de salida a este personal que contribuir\u00e1 para garantizar a los m\u00e1s de 2 millones 259 mil 340 ciudadanos que aparecen en la Lista Nominal del estado de Sonora, una elecci\u00f3n ejemplar.<\/p>\n<p class=\"MsoNormal\">Record\u00f3 que en esta jornada electoral se elegir\u00e1 la Presidencia de los Estados Unidos Mexicanos, 128 senadur\u00edas (64 de mayor\u00eda relativa, 32 de primera minor\u00eda y 32 de representaci\u00f3n proporcional) y 500 diputaciones federales (300 de mayor\u00eda relativa y 200 de representaci\u00f3n proporcional). Adem\u00e1s, en el estado se elegir\u00e1n 33 diputaciones locales (21 de mayor\u00eda relativa y 12 de representaci\u00f3n proporcional), 72 Presidencias Municipales, 72 sindicaturas, 490 regidur\u00edas (294 de mayor\u00eda relativa y 196 de representaci\u00f3n proporcional). <\/p>\n<p class=\"MsoNormal\">A la toma de protesta tambi\u00e9n asistieron las y los vocales de las juntas local y distritales ejecutivas con sede en Hermosillo, Sonora, Consejeras y Consejeros Locales y medios de comunicaci\u00f3n.<\/p>\n","protected":false},"excerpt":{"rendered":"<p>161 Supervisores Electorales y 976 Capacitadores y Capacitadoras Asistentes Electorales estar\u00e1n recorriendo y visitando los domicilios de 34 mil 893 ciudadanas y ciudadanos que integrar\u00e1n el funcionariado de casilla.&nbsp;<\/p>\n","protected":false},"author":1,"featured_media":2760,"comment_status":"open","ping_status":"open","sticky":false,"template":"","format":"standard","meta":{"footnotes":""},"categories":[39],"tags":[],"class_list":["post-2759","post","type-post","status-publish","format-standard","has-post-thumbnail","hentry","category-politica"],"_links":{"self":[{"href":"https:\/\/elreporterodelacomunidad.com\/index.php\/wp-json\/wp\/v2\/posts\/2759","targetHints":{"allow":["GET"]}}],"collection":[{"href":"https:\/\/elreporterodelacomunidad.com\/index.php\/wp-json\/wp\/v2\/posts"}],"about":[{"href":"https:\/\/elreporterodelacomunidad.com\/index.php\/wp-json\/wp\/v2\/types\/post"}],"author":[{"embeddable":true,"href":"https:\/\/elreporterodelacomunidad.com\/index.php\/wp-json\/wp\/v2\/users\/1"}],"replies":[{"embeddable":true,"href":"https:\/\/elreporterodelacomunidad.com\/index.php\/wp-json\/wp\/v2\/comments?post=2759"}],"version-history":[{"count":0,"href":"https:\/\/elreporterodelacomunidad.com\/index.php\/wp-json\/wp\/v2\/posts\/2759\/revisions"}],"wp:featuredmedia":[{"embeddable":true,"href":"https:\/\/elreporterodelacomunidad.com\/index.php\/wp-json\/wp\/v2\/media\/2760"}],"wp:attachment":[{"href":"https:\/\/elreporterodelacomunidad.com\/index.php\/wp-json\/wp\/v2\/media?parent=2759"}],"wp:term":[{"taxonomy":"category","embeddable":true,"href":"https:\/\/elreporterodelacomunidad.com\/index.php\/wp-json\/wp\/v2\/categories?post=2759"},{"taxonomy":"post_tag","embeddable":true,"href":"https:\/\/elreporterodelacomunidad.com\/index.php\/wp-json\/wp\/v2\/tags?post=2759"}],"curies":[{"name":"wp","href":"https:\/\/api.w.org\/{rel}","templated":true}]}}