{"id":27525,"date":"2026-02-22T18:42:41","date_gmt":"2026-02-23T01:42:41","guid":{"rendered":"https:\/\/elreporterodelacomunidad.com\/?p=27525"},"modified":"2026-02-22T18:42:43","modified_gmt":"2026-02-23T01:42:43","slug":"reconocen-tono-astiazaran-y-patty-ruibal-talento-juvenil-en-primer-encuentro-estatal-de-orquestas-sonora-suena-unida","status":"publish","type":"post","link":"https:\/\/elreporterodelacomunidad.com\/index.php\/2026\/02\/22\/reconocen-tono-astiazaran-y-patty-ruibal-talento-juvenil-en-primer-encuentro-estatal-de-orquestas-sonora-suena-unida\/","title":{"rendered":"Reconocen To\u00f1o Astiazar\u00e1n y Patty Ruibal talento juvenil en primer encuentro estatal de orquestas \u201cSonora Suena Unida\u201d"},"content":{"rendered":"\n<p>Por primera vez se realiza un encuentro de orquestas municipales en el Auditorio de Cobach Villa de Seris, incluyendo la Orquesta Infantil y Juvenil de DIF Hermosillo.<\/p>\n\n\n\n<p>Este concierto culmina las actividades del &#8220;Primer Encuentro Estatal de Orquestas Sinf\u00f3nicas Infantiles y Juveniles&#8221;.<\/p>\n\n\n\n<p>Hermosillo, Sonora; 22 de febrero, 2026.- Hermosillo se convirti\u00f3 en la capital del talento durante el concierto \u201cSonora Suena Unida\u201d, el Primer Encuentro Estatal de Orquestas Sinf\u00f3nicas Infantiles y Juveniles, donde el presidente municipal Antonio Astiazar\u00e1n y su esposa Patricia Ruibal Zaragoza, Presidenta de DIF Hermosillo, reconocieron a ni\u00f1as, ni\u00f1os y j\u00f3venes que a trav\u00e9s de la m\u00fasica conquistaron a los asistentes en el auditorio del Cobach Villa de Seris.<\/p>\n\n\n\n<p>Acompa\u00f1ados por Madeleine Bonnafoux Alcaraz, directora de DIF Hermosillo y Marianna Gonz\u00e1lez Gast\u00e9lum, directora del Instituto Municipal de Cultura y Arte (IMCA) dieron la bienvenida a las orquestas de Caborca, Cajeme, Guaymas, Nogales, Esqueda, Nacozari, Cananea y Hermosillo quienes conformaron un ensamble de 95 m\u00fasicos cuya interpretaci\u00f3n reflej\u00f3 horas de ensayo, coordinaci\u00f3n y amor por el arte.<\/p>\n\n\n\n<p>&#8220;Siempre hemos dicho Patty y yo que para nosotros en el DIF Hermosillo, nuestro principal tesoro es la Orquesta Infantil y Juvenil que tenemos. Pero as\u00ed como ustedes que tienen talento y disciplina tambi\u00e9n tienen sue\u00f1os que yo estoy seguro que se pueden alcanzar. Hoy esta tarde y estos d\u00edas ustedes no solo han tenido la oportunidad de aprender sino tambi\u00e9n a conocer nuevas amistades de todo el estado y por supuesto c\u00f3mo el poder de la m\u00fasica es transformador&#8221;, expres\u00f3 To\u00f1o Astiazar\u00e1n.<\/p>\n\n\n\n<p>En este concierto, se realiz\u00f3 la presentaci\u00f3n del artista internacional Kakalo, quien se integr\u00f3 a los j\u00f3venes m\u00fasicos para interpretar la canci\u00f3n &#8220;Tierra Tr\u00e1game&#8221;, con la cual gan\u00f3 la Gaviota de Plata en el Festival Internacional de la Canci\u00f3n de Vi\u00f1a del Mar 2025 en Chile.<\/p>\n\n\n\n<p>El ensamble en el que participaron integrantes de la Orquesta Sinf\u00f3nica Infantil y Juvenil de DIF Hermosillo dirigida por el maestro Gerardo Trejo Cervantes despert\u00f3 la admiraci\u00f3n de cientos de asistentes que disfrutaron un programa integrado por piezas como \u201cNoche en Mexico\u201d, \u201cDanza Eslava No. 8\u201d, \u201cCaballer\u00eda Ligera\u201d, \u201cReflexiones Sinf\u00f3nicas\u201d, \u201cConga de Fuego Nuevo\u201d, \u201cDanz\u00f3n No. 2\u201d, &#8220;Balada para Adelina&#8221; y &#8220;Sonora Querida&#8221;.<\/p>\n\n\n\n<p>Portando instrumentos como violines, violas, cellos, contrabajos, percusiones, alientos maderas y alientos metales, ni\u00f1as, ni\u00f1os y j\u00f3venes demostraron en cada interpretaci\u00f3n que la m\u00fasica tambi\u00e9n es un puente de conexi\u00f3n, disciplina y trabajo colectivo.<\/p>\n\n\n\n<p>Como parte del programa se entregaron reconocimientos a Abel Casta\u00f1o Vald\u00e9z, director de la Banda Sinf\u00f3nica Juvenil Municipal de Caborca; Luis Manuel Castillo P\u00e9rez, director de la Orquesta Filarm\u00f3nica Juvenil Fray Ivo Toneck, Guaymas; Eduardo Choix Gonz\u00e1lez, director Orquesta y Coro Juvenil de Grupo M\u00e9xico \u2013 N\u00facleo Nacozari; y Hermann Shezar Kintanar Schertenleib, director Orquesta Infantil y Juvenil de Cajeme.<\/p>\n\n\n\n<p>Tambi\u00e9n a Juan Manuel Mart\u00ednez Astorga, director Orquesta San Joselito de Nogales; Alina Ramos Contreras, directora Orquesta y Coro Juvenil de Grupo M\u00e9xico \u2013 N\u00facleo Cananea; y Luis Gerardo Trejo Cervantes, director de la Orquesta Sinf\u00f3nica Infantil y Juvenil de DIF Hermosillo.<\/p>\n\n\n\n<p>Al concierto acudi\u00f3 Nadir del Cid, director del IMFOCULTA de Nogales, en representaci\u00f3n del presidente municipal de Nogales, Juan Francisco Gim; y Mar\u00eda Lizette Salazar L\u00f3pez, de la Direcci\u00f3n de la Familia DIF Hermosillo; as\u00ed como maestros, padres de familia y familiares de los m\u00fasicos participantes de distintos municipios de la entidad.<\/p>\n\n\n\n<p>Este concierto forma parte de las actividades del &#8220;Primer Encuentro Estatal de Orquestas Sinf\u00f3nicas Infantiles y Juveniles&#8221; en el que durante cinco d\u00edas tuvieron clases, talleres y ensayos intensivos que culminaron en este concierto colectivo adem\u00e1s de una pl\u00e1tica motivacional con el cantante Kakalo, quien los alent\u00f3 a seguir sus sue\u00f1os para lograr ser grandes artistas.<\/p>\n","protected":false},"excerpt":{"rendered":"<p>Por primera vez se realiza un encuentro de orquestas municipales en el Auditorio de Cobach Villa de Seris, incluyendo la Orquesta Infantil y Juvenil de DIF Hermosillo. Este concierto culmina las actividades del &#8220;Primer Encuentro Estatal de Orquestas Sinf\u00f3nicas Infantiles y Juveniles&#8221;. Hermosillo, Sonora; 22 de febrero, 2026.- Hermosillo se convirti\u00f3 en la capital del [&hellip;]<\/p>\n","protected":false},"author":2,"featured_media":27526,"comment_status":"open","ping_status":"open","sticky":false,"template":"","format":"standard","meta":{"footnotes":""},"categories":[36],"tags":[],"class_list":["post-27525","post","type-post","status-publish","format-standard","has-post-thumbnail","hentry","category-educacion"],"_links":{"self":[{"href":"https:\/\/elreporterodelacomunidad.com\/index.php\/wp-json\/wp\/v2\/posts\/27525","targetHints":{"allow":["GET"]}}],"collection":[{"href":"https:\/\/elreporterodelacomunidad.com\/index.php\/wp-json\/wp\/v2\/posts"}],"about":[{"href":"https:\/\/elreporterodelacomunidad.com\/index.php\/wp-json\/wp\/v2\/types\/post"}],"author":[{"embeddable":true,"href":"https:\/\/elreporterodelacomunidad.com\/index.php\/wp-json\/wp\/v2\/users\/2"}],"replies":[{"embeddable":true,"href":"https:\/\/elreporterodelacomunidad.com\/index.php\/wp-json\/wp\/v2\/comments?post=27525"}],"version-history":[{"count":1,"href":"https:\/\/elreporterodelacomunidad.com\/index.php\/wp-json\/wp\/v2\/posts\/27525\/revisions"}],"predecessor-version":[{"id":27527,"href":"https:\/\/elreporterodelacomunidad.com\/index.php\/wp-json\/wp\/v2\/posts\/27525\/revisions\/27527"}],"wp:featuredmedia":[{"embeddable":true,"href":"https:\/\/elreporterodelacomunidad.com\/index.php\/wp-json\/wp\/v2\/media\/27526"}],"wp:attachment":[{"href":"https:\/\/elreporterodelacomunidad.com\/index.php\/wp-json\/wp\/v2\/media?parent=27525"}],"wp:term":[{"taxonomy":"category","embeddable":true,"href":"https:\/\/elreporterodelacomunidad.com\/index.php\/wp-json\/wp\/v2\/categories?post=27525"},{"taxonomy":"post_tag","embeddable":true,"href":"https:\/\/elreporterodelacomunidad.com\/index.php\/wp-json\/wp\/v2\/tags?post=27525"}],"curies":[{"name":"wp","href":"https:\/\/api.w.org\/{rel}","templated":true}]}}