{"id":2745,"date":"2024-02-10T00:00:00","date_gmt":"2024-02-10T07:00:00","guid":{"rendered":"https:\/\/elreporterodelacomunidad.com\/index.php\/2024\/02\/10\/improcedente-solicitud-de-aspirante-a-candidatura-independiente-de-hermosillo-para-ampliar-plazo-de-recabacion-de-apoyo-ciudadano-iee-sonora\/"},"modified":"2024-02-10T00:00:00","modified_gmt":"2024-02-10T07:00:00","slug":"improcedente-solicitud-de-aspirante-a-candidatura-independiente-de-hermosillo-para-ampliar-plazo-de-recabacion-de-apoyo-ciudadano-iee-sonora","status":"publish","type":"post","link":"https:\/\/elreporterodelacomunidad.com\/index.php\/2024\/02\/10\/improcedente-solicitud-de-aspirante-a-candidatura-independiente-de-hermosillo-para-ampliar-plazo-de-recabacion-de-apoyo-ciudadano-iee-sonora\/","title":{"rendered":"Improcedente solicitud de aspirante a candidatura independiente de Hermosillo para ampliar plazo de recabaci\u00f3n de apoyo ciudadano: IEE Sonora"},"content":{"rendered":"<div>El Consejo General del Instituto Estatal Electoral y de Participaci\u00f3n Ciudadana (IEE Sonora) aprob\u00f3 por unanimidad declarar no procedente el proyecto de acuerdo por el que el ciudadano Jos\u00e9 Isasi Siqueiros, aspirante a una candidatura independiente por el ayuntamiento de Hermosillo, solicitaba una ampliaci\u00f3n del plazo para recabar el apoyo ciudadano requerido.&nbsp;<\/div>\n<div><\/div>\n<div>El consejero presidente, Nery Ruiz Arvizu, record\u00f3 que el plazo para que los aspirantes obtengan el 3% de apoyo de la Lista Nominal de su municipio inici\u00f3 el 22 de enero y concluye este s\u00e1bado 10 de febrero, lo que en el caso de la capital sonorense corresponde a 19 mil 969 firmas.<\/div>\n<div><\/div>\n<div>\u201cNo procede ampliar ese plazo porque adem\u00e1s generar\u00eda una inequidad con el resto de aspirantes a candidatos independientes que se encuentran en el resto de los municipios; y era importante resolverlo el d\u00eda de hoy porque estamos dentro del plazo para que tenga a su alcance cualquier acci\u00f3n que pueda encaminar\u201d, manifest\u00f3.<\/div>\n<div><\/div>\n<div>Explic\u00f3 que en la solicitud el ciudadano argument\u00f3 una serie de cuestiones t\u00e9cnicas que lo hab\u00edan retrasado en su proceso de recabaci\u00f3n de firmas, sin embargo el plazo de 20 d\u00edas fue establecido de manera previa.<\/div>\n<div><\/div>\n<div>Record\u00f3 que a nivel federal existe un antecedente similar de un aspirante a una candidatura por la Presidencia de la Rep\u00fablica, a quien de igual manera el Instituto Nacional Electoral (INE) resolvi\u00f3 como no procedente su solicitud para ampliar el plazo.<\/div>\n<div><\/div>\n<div>La sesi\u00f3n extraordinaria cont\u00f3 tambi\u00e9n con la presencia de las consejeras Alma Lorena Alonso Valdivia, Linda Viridiana Calder\u00f3n Monta\u00f1o y Ana Cecilia Grijalva Moreno; los consejeros Daniel Rodarte Ram\u00edrez y Francisco Arturo Kitazawa Tostado, as\u00ed como los representantes de partidos ante el Instituto.<\/div>\n","protected":false},"excerpt":{"rendered":"<p>El Consejo General del Instituto Estatal Electoral y de Participaci\u00f3n Ciudadana (IEE Sonora) aprob\u00f3 por unanimidad declarar no procedente el proyecto de acuerdo por el que el ciudadano Jos\u00e9 Isasi Siqueiros, aspirante a una candidatura independiente por el ayuntamiento de Hermosillo, solicitaba una ampliaci\u00f3n del plazo para recabar el apoyo ciudadano requerido.&nbsp; El consejero presidente, [&hellip;]<\/p>\n","protected":false},"author":1,"featured_media":2746,"comment_status":"open","ping_status":"open","sticky":false,"template":"","format":"standard","meta":{"footnotes":""},"categories":[39],"tags":[],"class_list":["post-2745","post","type-post","status-publish","format-standard","has-post-thumbnail","hentry","category-politica"],"_links":{"self":[{"href":"https:\/\/elreporterodelacomunidad.com\/index.php\/wp-json\/wp\/v2\/posts\/2745","targetHints":{"allow":["GET"]}}],"collection":[{"href":"https:\/\/elreporterodelacomunidad.com\/index.php\/wp-json\/wp\/v2\/posts"}],"about":[{"href":"https:\/\/elreporterodelacomunidad.com\/index.php\/wp-json\/wp\/v2\/types\/post"}],"author":[{"embeddable":true,"href":"https:\/\/elreporterodelacomunidad.com\/index.php\/wp-json\/wp\/v2\/users\/1"}],"replies":[{"embeddable":true,"href":"https:\/\/elreporterodelacomunidad.com\/index.php\/wp-json\/wp\/v2\/comments?post=2745"}],"version-history":[{"count":0,"href":"https:\/\/elreporterodelacomunidad.com\/index.php\/wp-json\/wp\/v2\/posts\/2745\/revisions"}],"wp:featuredmedia":[{"embeddable":true,"href":"https:\/\/elreporterodelacomunidad.com\/index.php\/wp-json\/wp\/v2\/media\/2746"}],"wp:attachment":[{"href":"https:\/\/elreporterodelacomunidad.com\/index.php\/wp-json\/wp\/v2\/media?parent=2745"}],"wp:term":[{"taxonomy":"category","embeddable":true,"href":"https:\/\/elreporterodelacomunidad.com\/index.php\/wp-json\/wp\/v2\/categories?post=2745"},{"taxonomy":"post_tag","embeddable":true,"href":"https:\/\/elreporterodelacomunidad.com\/index.php\/wp-json\/wp\/v2\/tags?post=2745"}],"curies":[{"name":"wp","href":"https:\/\/api.w.org\/{rel}","templated":true}]}}