{"id":273,"date":"2024-05-07T00:00:00","date_gmt":"2024-05-07T07:00:00","guid":{"rendered":"https:\/\/elreporterodelacomunidad.com\/index.php\/2024\/05\/07\/detienen-a-luis-angel-n-presunto-feminicida-de-yamileth\/"},"modified":"2024-05-18T21:54:35","modified_gmt":"2024-05-19T04:54:35","slug":"detienen-a-luis-angel-n-presunto-feminicida-de-yamileth","status":"publish","type":"post","link":"https:\/\/elreporterodelacomunidad.com\/index.php\/2024\/05\/07\/detienen-a-luis-angel-n-presunto-feminicida-de-yamileth\/","title":{"rendered":"Detienen a Luis \u00c1ngel \u201cN\u201d. presunto feminicida de Yamileth"},"content":{"rendered":"<p class=\"MsoNormal\">Luis \u00c1ngel \u201cN\u201d, alias \u201cPinolio\u201d, presunto feminicida de Yamileth, fue detenido por autoridades en Villa Pesqueira, luego de darse a la fuga tras los hechos cometidos durante la tarde del pasado lunes.<\/p>\n<p class=\"MsoNormal\">\n<p class=\"MsoNormal\">Tras un operativo en diferentes localidades del norte de Sonora, las autoridades lograron capturar al sujeto en dicha comunidad, para llevarlo ante la justicia, por el presunto feminicidio de su pareja Yamileth en Sahuaripa, donde el hombre dispar\u00f3 a quemarropa dej\u00e1ndola herida de muerte.<\/p>\n<p class=\"MsoNormal\">Aunque la afectada fue trasladada en una avioneta a Hermosillo para recibir atenci\u00f3n m\u00e9dica, no logr\u00f3 resistir las heridas, por lo que falleci\u00f3 en el trayecto.<\/p>\n<p class=\"MsoNormal\">Mientras tanto, la Mesa Estatal de Seguridad inform\u00f3 que la madre de la v\u00edctima dijo que el presunto criminal huy\u00f3 del lugar a bordo de un pick up de color blanco, por lo que horas m\u00e1s tarde, en el poblado de Bacanora fue localizada una camioneta de marca Chevrolet con dichas caracter\u00edsticas, la cual se encontraba volcada, posiblemente debido al exceso de velocidad.<\/p>\n<p class=\"MsoNormal\">En ese sentido, de manera extraoficial trascendi\u00f3 que el hombre rob\u00f3 otro veh\u00edculo haciendo uso de un arma de fuego para amenazar a los propietarios y poder continuar escapando de las autoridades, quienes desplegaron un operativo con apoyo de diferentes instituciones de seguridad en la zona, donde participaron efectivos de la Guardia Nacional, as\u00ed como elementos policiales en localidades aleda\u00f1as a Sahuaripa, como N\u00e1cori Chico, Mazat\u00e1n y Villa Pesqueira.<\/p>\n<p class=\"MsoNormal\">La detenci\u00f3n de \u201cPinolio\u201d fue llevada a cabo por elementos de la Agencia Ministerial de Investigaci\u00f3n Criminal (AMIC), a la altura de la mina \u201cLa Barita\u201d, por lo que fue llevado a responder por sus actos ante la justicia.<\/p>\n<p class=\"MsoNormal\">El caso de Yamileth ha despertado la indignaci\u00f3n de la comunidad sonorense, pues era madre de dos menores de edad, una ni\u00f1a de 4 y un ni\u00f1o de 8 a\u00f1os, quienes se quedaron sin su madre, aunque el presunto culpable de su muerte ya fue detenido.<\/p>\n<p class=\"MsoNormal\">De acuerdo con datos del Secretariado Ejecutivo del Sistema Nacional de Seguridad P\u00fablica (SESNSP), entre el 1 de enero y el 16 de abril de este a\u00f1o, se han registrado un total de ocho casos de feminicidio en la entidad, por lo que se sumar\u00eda este caso a la deshonrosa estad\u00edstica.<\/p>\n","protected":false},"excerpt":{"rendered":"<p>La detenci\u00f3n de \u201cPinolio\u201d fue llevada a cabo por elementos de la AMIC, en Villa Pesqueira, por lo que fue llevado a responder por sus actos ante la justicia.&nbsp;<\/p>\n","protected":false},"author":1,"featured_media":668,"comment_status":"open","ping_status":"open","sticky":false,"template":"","format":"standard","meta":{"footnotes":""},"categories":[32],"tags":[],"class_list":["post-273","post","type-post","status-publish","format-standard","has-post-thumbnail","hentry","category-policiaca"],"_links":{"self":[{"href":"https:\/\/elreporterodelacomunidad.com\/index.php\/wp-json\/wp\/v2\/posts\/273","targetHints":{"allow":["GET"]}}],"collection":[{"href":"https:\/\/elreporterodelacomunidad.com\/index.php\/wp-json\/wp\/v2\/posts"}],"about":[{"href":"https:\/\/elreporterodelacomunidad.com\/index.php\/wp-json\/wp\/v2\/types\/post"}],"author":[{"embeddable":true,"href":"https:\/\/elreporterodelacomunidad.com\/index.php\/wp-json\/wp\/v2\/users\/1"}],"replies":[{"embeddable":true,"href":"https:\/\/elreporterodelacomunidad.com\/index.php\/wp-json\/wp\/v2\/comments?post=273"}],"version-history":[{"count":1,"href":"https:\/\/elreporterodelacomunidad.com\/index.php\/wp-json\/wp\/v2\/posts\/273\/revisions"}],"predecessor-version":[{"id":667,"href":"https:\/\/elreporterodelacomunidad.com\/index.php\/wp-json\/wp\/v2\/posts\/273\/revisions\/667"}],"wp:featuredmedia":[{"embeddable":true,"href":"https:\/\/elreporterodelacomunidad.com\/index.php\/wp-json\/wp\/v2\/media\/668"}],"wp:attachment":[{"href":"https:\/\/elreporterodelacomunidad.com\/index.php\/wp-json\/wp\/v2\/media?parent=273"}],"wp:term":[{"taxonomy":"category","embeddable":true,"href":"https:\/\/elreporterodelacomunidad.com\/index.php\/wp-json\/wp\/v2\/categories?post=273"},{"taxonomy":"post_tag","embeddable":true,"href":"https:\/\/elreporterodelacomunidad.com\/index.php\/wp-json\/wp\/v2\/tags?post=273"}],"curies":[{"name":"wp","href":"https:\/\/api.w.org\/{rel}","templated":true}]}}