{"id":267,"date":"2024-05-09T00:00:00","date_gmt":"2024-05-09T07:00:00","guid":{"rendered":"https:\/\/elreporterodelacomunidad.com\/index.php\/2024\/05\/09\/incinera-fgr-120-kilos-de-narcoticos-en-hermosillo\/"},"modified":"2024-05-18T21:54:25","modified_gmt":"2024-05-19T04:54:25","slug":"incinera-fgr-120-kilos-de-narcoticos-en-hermosillo","status":"publish","type":"post","link":"https:\/\/elreporterodelacomunidad.com\/index.php\/2024\/05\/09\/incinera-fgr-120-kilos-de-narcoticos-en-hermosillo\/","title":{"rendered":"Incinera FGR 120 kilos de narc\u00f3ticos en Hermosillo."},"content":{"rendered":"<p class=\"MsoNormal\">La Fiscal\u00eda General de la Rep\u00fablica (FGR), a trav\u00e9s de la Fiscal\u00eda Especializada de Control Regional (FECOR), en su Fiscal\u00eda Federal de Sonora, en coordinaci\u00f3n con elementos de la Polic\u00eda Federal Ministerial (PFM) de la Agencia de Investigaci\u00f3n Criminal (AIC) y con apoyo de personal de Servicios Periciales de la Instituci\u00f3n, destruy\u00f3 120 kilos 830 gramos de narc\u00f3ticos en Hermosillo, Sonora.<\/p>\n<p class=\"MsoNormal\">\n<p class=\"MsoNormal\">En el lugar, fueron destruidos 114 kilos 100 gramos de marihuana, seis kilos 203 gramos de metanfetamina, 483 gramos 900 miligramos de coca\u00edna, 43 gramos 300 miligramos de hero\u00edna, dos pastillas de clonazepam y cinco plantas de marihuana.<\/p>\n<p class=\"MsoNormal\">Los narc\u00f3ticos, que fueron destruidos en la ciudad de Hermosillo, estaban relacionados con 12 Carpetas de Investigaci\u00f3n radicadas por delitos contra la salud en sus distintas modalidades. La droga fue asegurada en operativos realizados en Sonora, por parte de la FGR, SEDENA, GN, SEMAR, PESP y Polic\u00eda Municipal.<\/p>\n<p class=\"MsoNormal\">La Fiscal\u00eda Federal en Sonora instruy\u00f3 la destrucci\u00f3n de los enervantes bajo la supervisi\u00f3n de personal del \u00d3rgano Interno de Control, el cual comprob\u00f3 la cantidad, peso de la droga y acredit\u00f3 la legalidad de la incineraci\u00f3n.<\/p>\n","protected":false},"excerpt":{"rendered":"<p>La Fiscal\u00eda General de la Rep\u00fablica (FGR), a trav\u00e9s de la Fiscal\u00eda Especializada de Control Regional (FECOR), en su Fiscal\u00eda Federal de Sonora, en coordinaci\u00f3n con elementos de la Polic\u00eda Federal Ministerial (PFM) de la Agencia de Investigaci\u00f3n Criminal (AIC) y con apoyo de personal de Servicios Periciales de la Instituci\u00f3n, destruy\u00f3 120 kilos 830 [&hellip;]<\/p>\n","protected":false},"author":1,"featured_media":658,"comment_status":"open","ping_status":"open","sticky":false,"template":"","format":"standard","meta":{"footnotes":""},"categories":[32],"tags":[],"class_list":["post-267","post","type-post","status-publish","format-standard","has-post-thumbnail","hentry","category-policiaca"],"_links":{"self":[{"href":"https:\/\/elreporterodelacomunidad.com\/index.php\/wp-json\/wp\/v2\/posts\/267","targetHints":{"allow":["GET"]}}],"collection":[{"href":"https:\/\/elreporterodelacomunidad.com\/index.php\/wp-json\/wp\/v2\/posts"}],"about":[{"href":"https:\/\/elreporterodelacomunidad.com\/index.php\/wp-json\/wp\/v2\/types\/post"}],"author":[{"embeddable":true,"href":"https:\/\/elreporterodelacomunidad.com\/index.php\/wp-json\/wp\/v2\/users\/1"}],"replies":[{"embeddable":true,"href":"https:\/\/elreporterodelacomunidad.com\/index.php\/wp-json\/wp\/v2\/comments?post=267"}],"version-history":[{"count":1,"href":"https:\/\/elreporterodelacomunidad.com\/index.php\/wp-json\/wp\/v2\/posts\/267\/revisions"}],"predecessor-version":[{"id":657,"href":"https:\/\/elreporterodelacomunidad.com\/index.php\/wp-json\/wp\/v2\/posts\/267\/revisions\/657"}],"wp:featuredmedia":[{"embeddable":true,"href":"https:\/\/elreporterodelacomunidad.com\/index.php\/wp-json\/wp\/v2\/media\/658"}],"wp:attachment":[{"href":"https:\/\/elreporterodelacomunidad.com\/index.php\/wp-json\/wp\/v2\/media?parent=267"}],"wp:term":[{"taxonomy":"category","embeddable":true,"href":"https:\/\/elreporterodelacomunidad.com\/index.php\/wp-json\/wp\/v2\/categories?post=267"},{"taxonomy":"post_tag","embeddable":true,"href":"https:\/\/elreporterodelacomunidad.com\/index.php\/wp-json\/wp\/v2\/tags?post=267"}],"curies":[{"name":"wp","href":"https:\/\/api.w.org\/{rel}","templated":true}]}}