{"id":26561,"date":"2026-01-22T13:09:12","date_gmt":"2026-01-22T20:09:12","guid":{"rendered":"https:\/\/elreporterodelacomunidad.com\/?p=26561"},"modified":"2026-01-22T13:09:24","modified_gmt":"2026-01-22T20:09:24","slug":"hermosillo-como-vitrina-de-gobierno","status":"publish","type":"post","link":"https:\/\/elreporterodelacomunidad.com\/index.php\/2026\/01\/22\/hermosillo-como-vitrina-de-gobierno\/","title":{"rendered":"Hermosillo como vitrina de gobierno"},"content":{"rendered":"\n<p><strong>Columna: Nada Personal.<\/strong><\/p>\n\n\n\n<p><strong>Autor: Carlos Alberto Guti\u00e9rrez Celaya.<\/strong><\/p>\n\n\n\n<p><strong>Hermosillo como vitrina de gobierno<\/strong><\/p>\n\n\n\n<p><strong>Luis Rivera y el salto m\u00e1s dif\u00edcil de su carrera<\/strong><\/p>\n\n\n\n<p><strong>Rumbo al XXXIX Congreso Nacional de Cronistas Deportivos 2026<\/strong><\/p>\n\n\n\n<p>En la pol\u00edtica, las obras hablan m\u00e1s fuerte que las campa\u00f1as negras. Y en Hermosillo, el alcalde Antonio Astiazar\u00e1n Guti\u00e9rrez vuelve a demostrar que la mejor respuesta a la descalificaci\u00f3n es el cumplimiento. La pr\u00f3xima inauguraci\u00f3n del paso a desnivel en los bulevares Colosio y Solidaridad no es solo una obra de infraestructura: es un mensaje pol\u00edtico claro sobre capacidad de gesti\u00f3n, planeaci\u00f3n y responsabilidad financiera.<\/p>\n\n\n\n<p>En un contexto donde muchos gobiernos municipales optan por el endeudamiento como salida f\u00e1cil, Hermosillo rompe paradigmas al convertirse en el primer municipio del pa\u00eds en ejecutar una obra de esta magnitud con inversi\u00f3n 100% municipal. No es un dato menor. Habla de finanzas sanas, de confianza ciudadana reflejada en el pago del predial y, sobre todo, de una administraci\u00f3n que entiende que el desarrollo urbano no puede improvisarse.<\/p>\n\n\n\n<p>El paso a desnivel beneficiar\u00e1 diariamente a cerca de 74 mil veh\u00edculos, en una ciudad cuyo parque vehicular creci\u00f3 de manera acelerada en los \u00faltimos a\u00f1os. La obra responde a una necesidad real, sustentada en estudios t\u00e9cnicos y no en ocurrencias, con un dise\u00f1o que considera incluso el historial de lluvias para evitar riesgos de inundaci\u00f3n. Eso tambi\u00e9n es gobernar con visi\u00f3n de largo plazo.<\/p>\n\n\n\n<p>A pesar del ruido pol\u00edtico que suele acompa\u00f1ar a quienes hacen las cosas bien, Astiazar\u00e1n cumple en tiempo y forma. Y ese cumplimiento empieza a reflejarse m\u00e1s all\u00e1 de Hermosillo. No es casualidad que hoy diversas encuestas lo coloquen a la cabeza en las preferencias rumbo a la gubernatura de Sonora. En un escenario estatal donde la ciudadan\u00eda exige resultados y no discursos, el modelo de gobierno que hoy se aplica en la capital se vuelve referente.<\/p>\n\n\n\n<p>Hermosillo se ha convertido en una vitrina de lo que puede lograrse cuando hay planeaci\u00f3n, disciplina financiera y cercan\u00eda con la gente. El alcalde no solo entrega obras; entrega certezas. Y en pol\u00edtica, pocas cosas pesan tanto como la credibilidad construida con hechos. De mantenerse esta ruta, Antonio Astiazar\u00e1n no solo dejar\u00e1 huella en la ciudad, sino que llegar\u00e1 fortalecido a la siguiente gran decisi\u00f3n electoral del estado.<\/p>\n\n\n\n<p class=\"has-text-align-center\"><img loading=\"lazy\" decoding=\"async\" width=\"500\" height=\"334\" class=\"wp-image-26563\" style=\"width: 500px;\" src=\"https:\/\/elreporterodelacomunidad.com\/wp-content\/uploads\/2026\/01\/572212377_18246706246288710_4537012000014817263_n.jpg\" alt=\"\" srcset=\"https:\/\/elreporterodelacomunidad.com\/wp-content\/uploads\/2026\/01\/572212377_18246706246288710_4537012000014817263_n.jpg 1439w, https:\/\/elreporterodelacomunidad.com\/wp-content\/uploads\/2026\/01\/572212377_18246706246288710_4537012000014817263_n-300x201.jpg 300w, https:\/\/elreporterodelacomunidad.com\/wp-content\/uploads\/2026\/01\/572212377_18246706246288710_4537012000014817263_n-1024x685.jpg 1024w, https:\/\/elreporterodelacomunidad.com\/wp-content\/uploads\/2026\/01\/572212377_18246706246288710_4537012000014817263_n-768x513.jpg 768w, https:\/\/elreporterodelacomunidad.com\/wp-content\/uploads\/2026\/01\/572212377_18246706246288710_4537012000014817263_n-750x501.jpg 750w, https:\/\/elreporterodelacomunidad.com\/wp-content\/uploads\/2026\/01\/572212377_18246706246288710_4537012000014817263_n-1140x762.jpg 1140w\" sizes=\"auto, (max-width: 500px) 100vw, 500px\" \/><\/p>\n\n\n\n<p class=\"has-text-align-center\"><strong>Luis Rivera y el salto m\u00e1s dif\u00edcil de su carrera<\/strong><\/p>\n\n\n\n<p>El deporte mexicano entra formalmente al ciclo ol\u00edmpico rumbo a Los \u00c1ngeles 2028 y, con ello, arranca una etapa donde las decisiones administrativas pesar\u00e1n tanto como las marcas y las medallas. La presentaci\u00f3n del Programa Anual de Trabajo de Alto Rendimiento 2026 por parte de la CONADE no es un acto protocolario m\u00e1s: es la primera gran prueba de fuego para el sonorense Luis Rivera en su nueva responsabilidad como subdirector de Calidad para el Deporte.<\/p>\n\n\n\n<p>Rivera no llega desde la burocracia, sino desde la pista. Campe\u00f3n mundial universitario en salto de longitud, medallista de bronce en Campeonatos Mundiales y protagonista en la Liga Diamante, hoy enfrenta el reto m\u00e1s complejo de su trayectoria: traducir su experiencia de atleta de \u00e9lite en un modelo de gesti\u00f3n que genere resultados sostenidos para todo el deporte nacional. El cambio de rol no es menor; aqu\u00ed ya no se compite contra rivales, sino contra inercias, procesos y limitaciones presupuestales.<\/p>\n\n\n\n<p>El Programa Anual de Trabajo 2026, presentado en Villas Tlalpan bajo el liderazgo de Rommel Pacheco, marca la ruta para disciplinas clave y fija prioridades claras en un a\u00f1o determinante. Juegos Ol\u00edmpicos de Invierno, Centroamericanos y del Caribe, y Ol\u00edmpicos de la Juventud exigen planeaci\u00f3n quir\u00fargica, transparencia en el uso de recursos y coordinaci\u00f3n real entre CONADE, federaciones, entrenadores y atletas. En ese engranaje, el \u00e1rea de Calidad para el Deporte ser\u00e1 clave para que las decisiones t\u00e9cnicas y administrativas caminen en el mismo sentido.<\/p>\n\n\n\n<p>Las palabras de Rivera durante el seminario reflejan una visi\u00f3n alineada con la realidad del alto rendimiento: claridad en los procesos, conocimiento de reglas y comprensi\u00f3n de los criterios que definen becas, campamentos y competencias. Es un discurso que conecta con los atletas porque nace desde la experiencia propia, pero que ahora deber\u00e1 sostenerse con resultados tangibles.<\/p>\n\n\n\n<p>Para Luis Rivera, esta etapa representa el salto m\u00e1s exigente de su carrera. Si logra consolidar un modelo funcional, transparente y cercano a quienes compiten, no solo fortalecer\u00e1 al deporte mexicano en el inicio del ciclo ol\u00edmpico, sino que confirmar\u00e1 que los campeones tambi\u00e9n pueden ganar fuera de la pista. El 2026 ya est\u00e1 en marcha y el margen de error es m\u00ednimo. Aqu\u00ed se mide la verdadera altura del funcionario.<\/p>\n\n\n\n<p class=\"has-text-align-center\"><img loading=\"lazy\" decoding=\"async\" width=\"500\" height=\"317\" class=\"wp-image-26564\" style=\"width: 500px;\" src=\"https:\/\/elreporterodelacomunidad.com\/wp-content\/uploads\/2026\/01\/619171579_3074979126035685_8006633569679978803_n.jpg\" alt=\"\" srcset=\"https:\/\/elreporterodelacomunidad.com\/wp-content\/uploads\/2026\/01\/619171579_3074979126035685_8006633569679978803_n.jpg 684w, https:\/\/elreporterodelacomunidad.com\/wp-content\/uploads\/2026\/01\/619171579_3074979126035685_8006633569679978803_n-300x190.jpg 300w\" sizes=\"auto, (max-width: 500px) 100vw, 500px\" \/><\/p>\n\n\n\n<p class=\"has-text-align-center\"><strong>Rumbo al XXXIX Congreso Nacional de Cronistas Deportivos 2026<\/strong><\/p>\n\n\n\n<p>Muchas felicidades ASOCRODES. Se llev\u00f3 a cabo una reuni\u00f3n de trabajo con integrantes del Comit\u00e9 Organizador de la XXIX Asamblea Nacional Ordinaria y el XXV Congreso Nacional 2026 de la Federaci\u00f3n Mexicana de Cronistas Deportivos (FEMECRODE) que se desarrollar\u00e1 en Hermosillo del 20 al 22 de febrero de 2026. En dicha reuni\u00f3n de trabajo se analizaron los avances de organizaci\u00f3n para que este evento sea todo un \u00e9xito.<\/p>\n\n\n\n<p><strong>Por hoy es todo, s\u00edgueme en:<\/strong><\/p>\n\n\n\n<p><strong>www.elreporterodelacomunidad.com<\/strong><\/p>\n\n\n\n<p>Twitter: @elreporteroson y @NPDeportes1<\/p>\n\n\n\n<p>Facebook: El Reportero de la Comunidad y Columna Nada Personal<\/p>\n\n\n\n<p>IG: elreporterodelcomunidad<\/p>\n\n\n\n<p>Tiktok: elreporterodelacomunidad<\/p>\n\n\n\n<p>Whatsapp: 6622217136<\/p>\n","protected":false},"excerpt":{"rendered":"<p>Columna: Nada Personal. Autor: Carlos Alberto Guti\u00e9rrez Celaya. Hermosillo como vitrina de gobierno Luis Rivera y el salto m\u00e1s dif\u00edcil de su carrera Rumbo al XXXIX Congreso Nacional de Cronistas Deportivos 2026 En la pol\u00edtica, las obras hablan m\u00e1s fuerte que las campa\u00f1as negras. Y en Hermosillo, el alcalde Antonio Astiazar\u00e1n Guti\u00e9rrez vuelve a demostrar [&hellip;]<\/p>\n","protected":false},"author":2,"featured_media":26562,"comment_status":"open","ping_status":"open","sticky":false,"template":"","format":"standard","meta":{"footnotes":""},"categories":[57,47,33,53,51,34,50,48,26,29,27,45],"tags":[],"class_list":["post-26561","post","type-post","status-publish","format-standard","has-post-thumbnail","hentry","category-carlos-alberto-gutierrez-celaya","category-columnas","category-deportes","category-editorial","category-elreporterodelacomunidad","category-general","category-nadapersonal","category-noticiasdestacadas","category-principal","category-principalsecundaria","category-ultimahora","category-ultimasnoticias"],"_links":{"self":[{"href":"https:\/\/elreporterodelacomunidad.com\/index.php\/wp-json\/wp\/v2\/posts\/26561","targetHints":{"allow":["GET"]}}],"collection":[{"href":"https:\/\/elreporterodelacomunidad.com\/index.php\/wp-json\/wp\/v2\/posts"}],"about":[{"href":"https:\/\/elreporterodelacomunidad.com\/index.php\/wp-json\/wp\/v2\/types\/post"}],"author":[{"embeddable":true,"href":"https:\/\/elreporterodelacomunidad.com\/index.php\/wp-json\/wp\/v2\/users\/2"}],"replies":[{"embeddable":true,"href":"https:\/\/elreporterodelacomunidad.com\/index.php\/wp-json\/wp\/v2\/comments?post=26561"}],"version-history":[{"count":1,"href":"https:\/\/elreporterodelacomunidad.com\/index.php\/wp-json\/wp\/v2\/posts\/26561\/revisions"}],"predecessor-version":[{"id":26565,"href":"https:\/\/elreporterodelacomunidad.com\/index.php\/wp-json\/wp\/v2\/posts\/26561\/revisions\/26565"}],"wp:featuredmedia":[{"embeddable":true,"href":"https:\/\/elreporterodelacomunidad.com\/index.php\/wp-json\/wp\/v2\/media\/26562"}],"wp:attachment":[{"href":"https:\/\/elreporterodelacomunidad.com\/index.php\/wp-json\/wp\/v2\/media?parent=26561"}],"wp:term":[{"taxonomy":"category","embeddable":true,"href":"https:\/\/elreporterodelacomunidad.com\/index.php\/wp-json\/wp\/v2\/categories?post=26561"},{"taxonomy":"post_tag","embeddable":true,"href":"https:\/\/elreporterodelacomunidad.com\/index.php\/wp-json\/wp\/v2\/tags?post=26561"}],"curies":[{"name":"wp","href":"https:\/\/api.w.org\/{rel}","templated":true}]}}