{"id":2647,"date":"2024-02-12T00:00:00","date_gmt":"2024-02-12T07:00:00","guid":{"rendered":"https:\/\/elreporterodelacomunidad.com\/index.php\/2024\/02\/12\/investigan-a-funcionarios-del-cereso-2-de-hermosillo-por-caso-de-paula-josette-n\/"},"modified":"2024-02-12T00:00:00","modified_gmt":"2024-02-12T07:00:00","slug":"investigan-a-funcionarios-del-cereso-2-de-hermosillo-por-caso-de-paula-josette-n","status":"publish","type":"post","link":"https:\/\/elreporterodelacomunidad.com\/index.php\/2024\/02\/12\/investigan-a-funcionarios-del-cereso-2-de-hermosillo-por-caso-de-paula-josette-n\/","title":{"rendered":"Investigan a funcionarios del Cereso 2 de Hermosillo por caso de Paula Josette N."},"content":{"rendered":"<p class=\"MsoNormal\">Dos funcionarios del Centro de Readaptaci\u00f3n Social (Cereso) N\u00famero 2 de Hermosillo fueron capturados por las autoridades, por su presunta responsabilidad en el delito de incumplimiento del deber legal, lo que llev\u00f3 a la muerte de una mujer el pasado 14 de enero.<\/p>\n<p class=\"MsoNormal\">La Fiscal\u00eda General de Justicia del Estado inform\u00f3 que Fernando Arturo \u201cN\u201d y Juan Pedro \u201cN\u201d, empleados del Cereso 2 de Hermosillo, capturados por incumplimiento de su deber legal, durante el pasado 10 de enero, por parte de elementos de la Agencia Ministerial de Investigaci\u00f3n Criminal (AMIC).<\/p>\n<p class=\"MsoNormal\">El \u00f3rgano procurador de justicia indic\u00f3 que Fernando Arturo, encargado de despacho de la Direcci\u00f3n del penal, fue aprehendido en un domicilio de la colonia California Residencial, de Hermosillo, mientras que Juan Pedro, jefe de grupo del mismo reclusorio, fue capturado en un departamento de la colonia Olivares, donde se estaba ocultando.<\/p>\n<p class=\"MsoNormal\">Lo anterior, dado que la investigaci\u00f3n realizada por las autoridades establece que el pasado 26 de diciembre durante una reuni\u00f3n extraordinaria, Fernando Arturo junto con otras personas, autoriz\u00f3 una solicitud hecha por un recluso, para que Paula Josette, de 23 a\u00f1os, ingresara al penal para una visita conyugal.<\/p>\n<p class=\"MsoNormal\">Asimismo, el imputado y otras personas firmaron una autorizaci\u00f3n durante el pasado 14 de enero para que la joven ingresara en calidad de pareja a una visita \u00edntima en el penal, sin importar que no contaba con una identificaci\u00f3n oficial, por lo que no pod\u00eda garantizar m\u00ednimamente la identidad de la visitante.<\/p>\n<p class=\"MsoNormal\">En ese sentido, el Cereso 2 no pod\u00eda garantizar tan siquiera la identidad de la mujer, adem\u00e1s de que no contaba con un expediente previo dentro del penal para permitirle el ingreso.<\/p>\n<p class=\"MsoNormal\">Ese mismo 14 de enero, Juan Pedro permiti\u00f3 el ingreso de la Paula Josette al penal sin verificar su identidad, lo cual est\u00e1 obligado en la Ley Nacional de Ejecuci\u00f3n Penal.<\/p>\n<p class=\"MsoNormal\">Por tanto, ambos sujetos fueron presentados por el Ministerio P\u00fablico ante una audiencia, donde fueron vinculados a proceso y se les fij\u00f3 un plazo de seis meses para investigaciones complementarias.<\/p>\n<p class=\"MsoNormal\">Los imputados deber\u00e1n presentarse cada 15 d\u00edas ante un Juez, cubrir una garant\u00eda de 10 mil pesos cada uno, no pueden salir del Distrito Judicial de Hermosillo por lo que deben entregar pasaportes y visas, as\u00ed como estar sometidos a vigilancia por la Unidad Estatal de Supervisi\u00f3n a Medidas Cautelares (UMECA), no deben acercarse a ofendidos y testigos, adem\u00e1s de estar temporalmente suspendidos de su cargo.<\/p>\n","protected":false},"excerpt":{"rendered":"<p>Dos funcionarios del Cereso de Hermosillo fueron capturados, por su presunta responsabilidad por incumplimiento del deber legal, en el caso de Paula Josette N.&nbsp;<\/p>\n","protected":false},"author":1,"featured_media":2648,"comment_status":"open","ping_status":"open","sticky":false,"template":"","format":"standard","meta":{"footnotes":""},"categories":[39],"tags":[],"class_list":["post-2647","post","type-post","status-publish","format-standard","has-post-thumbnail","hentry","category-politica"],"_links":{"self":[{"href":"https:\/\/elreporterodelacomunidad.com\/index.php\/wp-json\/wp\/v2\/posts\/2647","targetHints":{"allow":["GET"]}}],"collection":[{"href":"https:\/\/elreporterodelacomunidad.com\/index.php\/wp-json\/wp\/v2\/posts"}],"about":[{"href":"https:\/\/elreporterodelacomunidad.com\/index.php\/wp-json\/wp\/v2\/types\/post"}],"author":[{"embeddable":true,"href":"https:\/\/elreporterodelacomunidad.com\/index.php\/wp-json\/wp\/v2\/users\/1"}],"replies":[{"embeddable":true,"href":"https:\/\/elreporterodelacomunidad.com\/index.php\/wp-json\/wp\/v2\/comments?post=2647"}],"version-history":[{"count":0,"href":"https:\/\/elreporterodelacomunidad.com\/index.php\/wp-json\/wp\/v2\/posts\/2647\/revisions"}],"wp:featuredmedia":[{"embeddable":true,"href":"https:\/\/elreporterodelacomunidad.com\/index.php\/wp-json\/wp\/v2\/media\/2648"}],"wp:attachment":[{"href":"https:\/\/elreporterodelacomunidad.com\/index.php\/wp-json\/wp\/v2\/media?parent=2647"}],"wp:term":[{"taxonomy":"category","embeddable":true,"href":"https:\/\/elreporterodelacomunidad.com\/index.php\/wp-json\/wp\/v2\/categories?post=2647"},{"taxonomy":"post_tag","embeddable":true,"href":"https:\/\/elreporterodelacomunidad.com\/index.php\/wp-json\/wp\/v2\/tags?post=2647"}],"curies":[{"name":"wp","href":"https:\/\/api.w.org\/{rel}","templated":true}]}}