{"id":26455,"date":"2026-01-16T19:56:00","date_gmt":"2026-01-17T02:56:00","guid":{"rendered":"https:\/\/elreporterodelacomunidad.com\/?p=26455"},"modified":"2026-01-16T19:56:02","modified_gmt":"2026-01-17T02:56:02","slug":"localizan-sin-vida-a-mujer-desaparecida-en-ciudad-obregon","status":"publish","type":"post","link":"https:\/\/elreporterodelacomunidad.com\/index.php\/2026\/01\/16\/localizan-sin-vida-a-mujer-desaparecida-en-ciudad-obregon\/","title":{"rendered":"Localizan sin vida a mujer desaparecida en Ciudad Obreg\u00f3n"},"content":{"rendered":"\n<p>Se estableci\u00f3 que la v\u00edctima corresponde a Nancy Yazm\u00edn N, quien contaba con reporte de privaci\u00f3n ilegal de la libertad desde el 10 de enero de 2026<\/p>\n\n\n\n<p>Cajeme, Sonora a 16 de enero de 2026.- El cuerpo sin vida de una mujer fue localizado la ma\u00f1ana de este viernes 16 de enero en la colonia Los \u00c1ngeles, en Ciudad Obreg\u00f3n, inform\u00f3 la Fiscal\u00eda General de Justicia del Estado de Sonora (Fgjes).<\/p>\n\n\n\n<p>De acuerdo con la autoridad, el hallazgo se registr\u00f3 alrededor de las 11:50 horas, en la calle 10 Mar\u00eda, entre Cuauht\u00e9moc y Mayo, generando la movilizaci\u00f3n de corporaciones de seguridad y emergencia en la zona.<\/p>\n\n\n\n<p>Al sitio acudi\u00f3 personal ministerial, pericial y de investigaci\u00f3n para el procesamiento del lugar.<\/p>\n\n\n\n<p>Tras las diligencias iniciales y el proceso de identificaci\u00f3n, se estableci\u00f3 que la v\u00edctima corresponde a Nancy Yazm\u00edn N, quien contaba con reporte de privaci\u00f3n ilegal de la libertad desde el 10 de enero de 2026.<\/p>\n\n\n\n<p>La Fgjes detall\u00f3 que la principal l\u00ednea de investigaci\u00f3n se encuentra vinculada a su entorno personal, espec\u00edficamente a una relaci\u00f3n con un generador de violencia identificado como Jos\u00e9 Manuel N, alias \u201cChino Rivotril\u201d.<\/p>\n\n\n\n<p>Dicho individuo cuenta con \u00f3rdenes de aprehensi\u00f3n vigentes por el delito de homicidio, adem\u00e1s de que existe una recompensa activa por su captura.<\/p>\n\n\n\n<p>La Fgjes se\u00f1al\u00f3 que las investigaciones contin\u00faan en coordinaci\u00f3n con autoridades de los distintos \u00f3rdenes de gobierno, as\u00ed como con el an\u00e1lisis de los dict\u00e1menes periciales, con el objetivo de esclarecer plenamente los hechos y dar con los responsables del crimen.<\/p>\n\n\n\n<p>Asimismo, reiter\u00f3 su compromiso de dar seguimiento puntual al caso y de informar conforme avancen las indagatorias, en apego al debido proceso y a los derechos de las v\u00edctimas.<\/p>\n","protected":false},"excerpt":{"rendered":"<p>Se estableci\u00f3 que la v\u00edctima corresponde a Nancy Yazm\u00edn N, quien contaba con reporte de privaci\u00f3n ilegal de la libertad desde el 10 de enero de 2026 Cajeme, Sonora a 16 de enero de 2026.- El cuerpo sin vida de una mujer fue localizado la ma\u00f1ana de este viernes 16 de enero en la colonia [&hellip;]<\/p>\n","protected":false},"author":1,"featured_media":26456,"comment_status":"open","ping_status":"open","sticky":false,"template":"","format":"standard","meta":{"footnotes":""},"categories":[32],"tags":[],"class_list":["post-26455","post","type-post","status-publish","format-standard","has-post-thumbnail","hentry","category-policiaca"],"_links":{"self":[{"href":"https:\/\/elreporterodelacomunidad.com\/index.php\/wp-json\/wp\/v2\/posts\/26455","targetHints":{"allow":["GET"]}}],"collection":[{"href":"https:\/\/elreporterodelacomunidad.com\/index.php\/wp-json\/wp\/v2\/posts"}],"about":[{"href":"https:\/\/elreporterodelacomunidad.com\/index.php\/wp-json\/wp\/v2\/types\/post"}],"author":[{"embeddable":true,"href":"https:\/\/elreporterodelacomunidad.com\/index.php\/wp-json\/wp\/v2\/users\/1"}],"replies":[{"embeddable":true,"href":"https:\/\/elreporterodelacomunidad.com\/index.php\/wp-json\/wp\/v2\/comments?post=26455"}],"version-history":[{"count":1,"href":"https:\/\/elreporterodelacomunidad.com\/index.php\/wp-json\/wp\/v2\/posts\/26455\/revisions"}],"predecessor-version":[{"id":26457,"href":"https:\/\/elreporterodelacomunidad.com\/index.php\/wp-json\/wp\/v2\/posts\/26455\/revisions\/26457"}],"wp:featuredmedia":[{"embeddable":true,"href":"https:\/\/elreporterodelacomunidad.com\/index.php\/wp-json\/wp\/v2\/media\/26456"}],"wp:attachment":[{"href":"https:\/\/elreporterodelacomunidad.com\/index.php\/wp-json\/wp\/v2\/media?parent=26455"}],"wp:term":[{"taxonomy":"category","embeddable":true,"href":"https:\/\/elreporterodelacomunidad.com\/index.php\/wp-json\/wp\/v2\/categories?post=26455"},{"taxonomy":"post_tag","embeddable":true,"href":"https:\/\/elreporterodelacomunidad.com\/index.php\/wp-json\/wp\/v2\/tags?post=26455"}],"curies":[{"name":"wp","href":"https:\/\/api.w.org\/{rel}","templated":true}]}}