{"id":26385,"date":"2026-01-16T09:53:37","date_gmt":"2026-01-16T16:53:37","guid":{"rendered":"https:\/\/elreporterodelacomunidad.com\/?p=26385"},"modified":"2026-01-16T09:53:42","modified_gmt":"2026-01-16T16:53:42","slug":"unison-y-secretaria-del-bienestar-sonora-fortalecen-alianza-institucional","status":"publish","type":"post","link":"https:\/\/elreporterodelacomunidad.com\/index.php\/2026\/01\/16\/unison-y-secretaria-del-bienestar-sonora-fortalecen-alianza-institucional\/","title":{"rendered":"Unison y Secretar\u00eda del Bienestar Sonora fortalecen alianza institucional"},"content":{"rendered":"\n<p>Hermosillo, Sonora a 16 de enero de 2026.- La Universidad de Sonora y la Secretar\u00eda del Bienestar de Sonora formalizaron un Convenio General de Colaboraci\u00f3n con el objetivo de establecer bases de cooperaci\u00f3n interinstitucional orientadas a la capacitaci\u00f3n, investigaci\u00f3n, formaci\u00f3n y vinculaci\u00f3n social, a fin de contribuir de manera directa al fortalecimiento del bienestar de la poblaci\u00f3n sonorense.<\/p>\n\n\n\n<p>El acuerdo fue suscrito por la rectora, Dena Mar\u00eda Camarena G\u00f3mez, y el secretario de Bienestar en Sonora, Fernando Rojo de la Vega Molina, quienes coincidieron en la importancia de articular el conocimiento universitario con las pol\u00edticas p\u00fablicas y los programas sociales para generar un impacto real y sostenible en las comunidades.<\/p>\n\n\n\n<p>Durante su mensaje, la rectora Camarena G\u00f3mez subray\u00f3 que la firma del convenio va m\u00e1s all\u00e1 de un acto administrativo, al refrendar la vocaci\u00f3n social de la Universidad de Sonora y su compromiso con el desarrollo integral del estado.<\/p>\n\n\n\n<p>Destac\u00f3 que cuando el conocimiento se vincula con la comunidad y con las problem\u00e1ticas sociales, se convierte en una herramienta poderosa que incide directamente en el bienestar colectivo, al tiempo que fortalece a la universidad como una instituci\u00f3n abierta, presente y activa en la vida social de Sonora.<\/p>\n\n\n\n<p>Asimismo, se\u00f1al\u00f3 que este acuerdo abre nuevas oportunidades para que las y los estudiantes realicen su servicio social y pr\u00e1cticas profesionales, y en un futuro participen en proyectos de investigaci\u00f3n aplicada que contribuyan tanto a su formaci\u00f3n integral como a la mejora de las condiciones de vida de la poblaci\u00f3n, mediante la docencia, la innovaci\u00f3n y la generaci\u00f3n de soluciones con sentido social.<\/p>\n\n\n\n<p>Aprovechar el talento universitario<br>Por su parte, el secretario Fernando Rojo de la Vega Molina resalt\u00f3 que, si bien los programas sociales son fundamentales, el reto principal es lograr que las personas superen las condiciones de dependencia y transiten hacia una mayor autonom\u00eda.<\/p>\n\n\n\n<p>En ese sentido, enfatiz\u00f3 que la colaboraci\u00f3n con la Universidad de Sonora permite aprovechar el talento, las ideas y la creatividad del estudiantado y la comunidad acad\u00e9mica para mejorar la eficiencia de los programas, generar nuevas perspectivas y transformar datos en informaci\u00f3n \u00fatil para la toma de decisiones de pol\u00edtica p\u00fablica.<\/p>\n\n\n\n<p>A\u00f1adi\u00f3 que el convenio abre un espacio estrat\u00e9gico para la investigaci\u00f3n, el desarrollo y la capacitaci\u00f3n, elementos clave para dise\u00f1ar acciones m\u00e1s pr\u00e1cticas y efectivas que impulsen la movilidad social, desde la atenci\u00f3n a la pobreza extrema hasta el fortalecimiento de capacidades que permitan a las personas integrarse de manera m\u00e1s s\u00f3lida al desarrollo econ\u00f3mico y social, siempre con un enfoque de innovaci\u00f3n y pensamiento creativo.<\/p>\n\n\n\n<p>El acuerdo establece que ambas instituciones impulsar\u00e1n programas de formaci\u00f3n, capacitaci\u00f3n y actualizaci\u00f3n, orientados a la creaci\u00f3n de liderazgos comunitarios, a trav\u00e9s de talleres, diplomados, conferencias y seminarios sobre problem\u00e1ticas sociales prioritarias como igualdad de g\u00e9nero, violencia familiar, pobreza y desarrollo comunitario sustentable.<\/p>\n\n\n\n<p>Tambi\u00e9n retoma acciones conjuntas de difusi\u00f3n y sensibilizaci\u00f3n, que incluyen la producci\u00f3n de materiales informativos, la organizaci\u00f3n de ferias de servicios y campa\u00f1as de concientizaci\u00f3n, as\u00ed como la promoci\u00f3n de festivales locales e historias comunitarias.<\/p>\n\n\n\n<p>De igual forma, se impulsar\u00e1 la promoci\u00f3n de la cultura y el patrimonio, mediante brigadas culturales y art\u00edsticas, presentaciones y proyectos comunitarios que fortalezcan la identidad, la cohesi\u00f3n social y la expresi\u00f3n como ejes del desarrollo integral.<\/p>\n\n\n\n<p>El convenio tiene como vigencia hasta el 30 de septiembre del 2027, y fungieron como testigos Enrique Bolado Mart\u00ednez, secretario general acad\u00e9mico de la Universidad de Sonora, y Pablo Iv\u00e1n Garc\u00eda Minjarez, subsecretario de Inclusi\u00f3n Social de la Secretar\u00eda del Bienestar de Sonora.<\/p>\n\n\n\n<p>Tambi\u00e9n estuvieron presentes Cynthia Denisse Coronado Ruiz, directora general de Participaci\u00f3n Social de la Secretar\u00eda del Bienestar, as\u00ed como Joel Enrique Espejel Blanco, titular de la Direcci\u00f3n de Vinculaci\u00f3n y Extensi\u00f3n, y Jes\u00fas Moreno Durazo, director de Comunicaci\u00f3n, ambos por la Universidad.<\/p>\n\n\n\n<p class=\"has-text-align-center\"><img loading=\"lazy\" decoding=\"async\" width=\"500\" height=\"278\" class=\"wp-image-26387\" style=\"width: 500px;\" src=\"https:\/\/elreporterodelacomunidad.com\/wp-content\/uploads\/2026\/01\/111247d7-d395-4e76-9ea9-04fbc6fcbb66.jpg\" alt=\"\" srcset=\"https:\/\/elreporterodelacomunidad.com\/wp-content\/uploads\/2026\/01\/111247d7-d395-4e76-9ea9-04fbc6fcbb66.jpg 2560w, https:\/\/elreporterodelacomunidad.com\/wp-content\/uploads\/2026\/01\/111247d7-d395-4e76-9ea9-04fbc6fcbb66-300x167.jpg 300w, https:\/\/elreporterodelacomunidad.com\/wp-content\/uploads\/2026\/01\/111247d7-d395-4e76-9ea9-04fbc6fcbb66-1024x569.jpg 1024w, https:\/\/elreporterodelacomunidad.com\/wp-content\/uploads\/2026\/01\/111247d7-d395-4e76-9ea9-04fbc6fcbb66-768x427.jpg 768w, https:\/\/elreporterodelacomunidad.com\/wp-content\/uploads\/2026\/01\/111247d7-d395-4e76-9ea9-04fbc6fcbb66-1536x854.jpg 1536w, https:\/\/elreporterodelacomunidad.com\/wp-content\/uploads\/2026\/01\/111247d7-d395-4e76-9ea9-04fbc6fcbb66-2048x1138.jpg 2048w, https:\/\/elreporterodelacomunidad.com\/wp-content\/uploads\/2026\/01\/111247d7-d395-4e76-9ea9-04fbc6fcbb66-750x417.jpg 750w, https:\/\/elreporterodelacomunidad.com\/wp-content\/uploads\/2026\/01\/111247d7-d395-4e76-9ea9-04fbc6fcbb66-1140x634.jpg 1140w\" sizes=\"auto, (max-width: 500px) 100vw, 500px\" \/><\/p>\n","protected":false},"excerpt":{"rendered":"<p>Hermosillo, Sonora a 16 de enero de 2026.- La Universidad de Sonora y la Secretar\u00eda del Bienestar de Sonora formalizaron un Convenio General de Colaboraci\u00f3n con el objetivo de establecer bases de cooperaci\u00f3n interinstitucional orientadas a la capacitaci\u00f3n, investigaci\u00f3n, formaci\u00f3n y vinculaci\u00f3n social, a fin de contribuir de manera directa al fortalecimiento del bienestar de [&hellip;]<\/p>\n","protected":false},"author":2,"featured_media":26386,"comment_status":"open","ping_status":"open","sticky":false,"template":"","format":"standard","meta":{"footnotes":""},"categories":[36],"tags":[],"class_list":["post-26385","post","type-post","status-publish","format-standard","has-post-thumbnail","hentry","category-educacion"],"_links":{"self":[{"href":"https:\/\/elreporterodelacomunidad.com\/index.php\/wp-json\/wp\/v2\/posts\/26385","targetHints":{"allow":["GET"]}}],"collection":[{"href":"https:\/\/elreporterodelacomunidad.com\/index.php\/wp-json\/wp\/v2\/posts"}],"about":[{"href":"https:\/\/elreporterodelacomunidad.com\/index.php\/wp-json\/wp\/v2\/types\/post"}],"author":[{"embeddable":true,"href":"https:\/\/elreporterodelacomunidad.com\/index.php\/wp-json\/wp\/v2\/users\/2"}],"replies":[{"embeddable":true,"href":"https:\/\/elreporterodelacomunidad.com\/index.php\/wp-json\/wp\/v2\/comments?post=26385"}],"version-history":[{"count":1,"href":"https:\/\/elreporterodelacomunidad.com\/index.php\/wp-json\/wp\/v2\/posts\/26385\/revisions"}],"predecessor-version":[{"id":26388,"href":"https:\/\/elreporterodelacomunidad.com\/index.php\/wp-json\/wp\/v2\/posts\/26385\/revisions\/26388"}],"wp:featuredmedia":[{"embeddable":true,"href":"https:\/\/elreporterodelacomunidad.com\/index.php\/wp-json\/wp\/v2\/media\/26386"}],"wp:attachment":[{"href":"https:\/\/elreporterodelacomunidad.com\/index.php\/wp-json\/wp\/v2\/media?parent=26385"}],"wp:term":[{"taxonomy":"category","embeddable":true,"href":"https:\/\/elreporterodelacomunidad.com\/index.php\/wp-json\/wp\/v2\/categories?post=26385"},{"taxonomy":"post_tag","embeddable":true,"href":"https:\/\/elreporterodelacomunidad.com\/index.php\/wp-json\/wp\/v2\/tags?post=26385"}],"curies":[{"name":"wp","href":"https:\/\/api.w.org\/{rel}","templated":true}]}}