{"id":26341,"date":"2026-01-15T13:02:43","date_gmt":"2026-01-15T20:02:43","guid":{"rendered":"https:\/\/elreporterodelacomunidad.com\/?p=26341"},"modified":"2026-01-15T13:02:55","modified_gmt":"2026-01-15T20:02:55","slug":"impulsa-ues-transformacion-academica-con-el-modelo-educativo-5-0-patino-flores","status":"publish","type":"post","link":"https:\/\/elreporterodelacomunidad.com\/index.php\/2026\/01\/15\/impulsa-ues-transformacion-academica-con-el-modelo-educativo-5-0-patino-flores\/","title":{"rendered":"Impulsa UES transformaci\u00f3n acad\u00e9mica con el Modelo Educativo 5.0: Pati\u00f1o Flores"},"content":{"rendered":"\n<p>Hermosillo, Sonora a 15 de enero de 2026.\u2013 Con un enfoque de humanismo inteligente que coloca a la persona en el centro del aprendizaje y orienta la tecnolog\u00eda al bienestar social, la Universidad Estatal de Sonora (UES), present\u00f3 el Modelo Educativo UES 5.0 en sus unidades acad\u00e9micas.<\/p>\n\n\n\n<p>El modelo, denominado \u201cHumanismo inteligente para transformar el mundo\u201d, fortalece la formaci\u00f3n integral de las y los estudiantes al articular el desarrollo humano, la \u00e9tica, la innovaci\u00f3n y el compromiso social, en congruencia con las necesidades actuales de Sonora y del pa\u00eds.<\/p>\n\n\n\n<p>Durante su mensaje, la rectora de la UES, Martha Patricia Pati\u00f1o Fierro, destac\u00f3 que este nuevo enfoque acad\u00e9mico parte de las fortalezas institucionales y de un amplio proceso de di\u00e1logo con actores acad\u00e9micos, empresariales y sociales, para consolidar una universidad p\u00fablica con impacto territorial.<\/p>\n\n\n\n<p>\u201cLa educaci\u00f3n 5.0 va m\u00e1s all\u00e1 de incorporar tecnolog\u00eda; busca conectar el conocimiento con el bienestar humano, formar profesionistas con mirada social, \u00e9tica y emprendedora, y fortalecer la vinculaci\u00f3n entre educaci\u00f3n, ciencia, sector productivo y comunidad\u201d, expres\u00f3 la rectora.<\/p>\n\n\n\n<p>El Modelo Educativo UES 5.0 impulsa la personalizaci\u00f3n del aprendizaje, el uso \u00e9tico de la tecnolog\u00eda, la sostenibilidad y el trabajo colaborativo, con el objetivo de formar ciudadanas y ciudadanos capaces de resolver problemas reales en entornos complejos.<\/p>\n\n\n\n<p>Esta transformaci\u00f3n acad\u00e9mica esta orientada a consolidar una educaci\u00f3n superior incluyente, pertinente y con sentido humanista, reafirmando el compromiso de la UES con la sociedad sonorense.<\/p>\n","protected":false},"excerpt":{"rendered":"<p>Hermosillo, Sonora a 15 de enero de 2026.\u2013 Con un enfoque de humanismo inteligente que coloca a la persona en el centro del aprendizaje y orienta la tecnolog\u00eda al bienestar social, la Universidad Estatal de Sonora (UES), present\u00f3 el Modelo Educativo UES 5.0 en sus unidades acad\u00e9micas. El modelo, denominado \u201cHumanismo inteligente para transformar el [&hellip;]<\/p>\n","protected":false},"author":2,"featured_media":26342,"comment_status":"open","ping_status":"open","sticky":false,"template":"","format":"standard","meta":{"footnotes":""},"categories":[36],"tags":[],"class_list":["post-26341","post","type-post","status-publish","format-standard","has-post-thumbnail","hentry","category-educacion"],"_links":{"self":[{"href":"https:\/\/elreporterodelacomunidad.com\/index.php\/wp-json\/wp\/v2\/posts\/26341","targetHints":{"allow":["GET"]}}],"collection":[{"href":"https:\/\/elreporterodelacomunidad.com\/index.php\/wp-json\/wp\/v2\/posts"}],"about":[{"href":"https:\/\/elreporterodelacomunidad.com\/index.php\/wp-json\/wp\/v2\/types\/post"}],"author":[{"embeddable":true,"href":"https:\/\/elreporterodelacomunidad.com\/index.php\/wp-json\/wp\/v2\/users\/2"}],"replies":[{"embeddable":true,"href":"https:\/\/elreporterodelacomunidad.com\/index.php\/wp-json\/wp\/v2\/comments?post=26341"}],"version-history":[{"count":1,"href":"https:\/\/elreporterodelacomunidad.com\/index.php\/wp-json\/wp\/v2\/posts\/26341\/revisions"}],"predecessor-version":[{"id":26343,"href":"https:\/\/elreporterodelacomunidad.com\/index.php\/wp-json\/wp\/v2\/posts\/26341\/revisions\/26343"}],"wp:featuredmedia":[{"embeddable":true,"href":"https:\/\/elreporterodelacomunidad.com\/index.php\/wp-json\/wp\/v2\/media\/26342"}],"wp:attachment":[{"href":"https:\/\/elreporterodelacomunidad.com\/index.php\/wp-json\/wp\/v2\/media?parent=26341"}],"wp:term":[{"taxonomy":"category","embeddable":true,"href":"https:\/\/elreporterodelacomunidad.com\/index.php\/wp-json\/wp\/v2\/categories?post=26341"},{"taxonomy":"post_tag","embeddable":true,"href":"https:\/\/elreporterodelacomunidad.com\/index.php\/wp-json\/wp\/v2\/tags?post=26341"}],"curies":[{"name":"wp","href":"https:\/\/api.w.org\/{rel}","templated":true}]}}