{"id":26299,"date":"2026-01-13T21:04:00","date_gmt":"2026-01-14T04:04:00","guid":{"rendered":"https:\/\/elreporterodelacomunidad.com\/?p=26299"},"modified":"2026-01-13T21:04:08","modified_gmt":"2026-01-14T04:04:08","slug":"tres-jovenes-graves-tras-brutal-accidente-en-navojoa-reportan-un-fallecido","status":"publish","type":"post","link":"https:\/\/elreporterodelacomunidad.com\/index.php\/2026\/01\/13\/tres-jovenes-graves-tras-brutal-accidente-en-navojoa-reportan-un-fallecido\/","title":{"rendered":"Tres j\u00f3venes graves tras brutal accidente en Navojoa; reportan un fallecido"},"content":{"rendered":"\n<p>Familiares de las afectadas indicaron que las j\u00f3venes se encuentran en estado cr\u00edtico y luchan por su vida en el IMSS Bienestar de Cajeme.<\/p>\n\n\n\n<p>Navojoa, Sonora a 13 de enero de 2026 (Expreso).- Familiares de tres j\u00f3venes originarias del Campo 60 en B\u00e1cum hicieron un llamado a la comunidad para unirse en oraci\u00f3n por su pronta recuperaci\u00f3n, pues se encuentran luchando por su vida tras estar en un fuerte accidente la noche del viernes, en Navojoa.<\/p>\n\n\n\n<p>El percance ocurri\u00f3 el 09 de enero, alrededor de las 21:00 horas, en el cruce del bulevar Las Pilas con la avenida Caborca, en el descenso de un puente elevado en la colonia Sonora, cuando un veh\u00edculo Ford Edge tipo vagoneta, color blanco y sin placas, circulaba de sur a norte a exceso de velocidad.<\/p>\n\n\n\n<p>Seg\u00fan el reporte, el auto perdi\u00f3 el control, se impact\u00f3 contra un muro de contenci\u00f3n y posteriormente colision\u00f3 con un Nissan Kicks azul que estaba detenido. El accidente dej\u00f3 como saldo una persona fallecida y cuatro lesionados.<\/p>\n\n\n\n<p>En la Ford viajaban cinco j\u00f3venes. El copiloto, identificado como Edwin Yahir G., de 23 a\u00f1os, falleci\u00f3 en el lugar tras quedar prensado.<\/p>\n\n\n\n<p>Los otros cuatro ocupantes fueron trasladados a distintos hospitales, donde el conductor del Ford se reporta fuera de peligro, mientras que las otras tres pasajeras, Frida, Maleny Urquidez y Guitzel Ayala, se encuentran en estado cr\u00edtico en el Hospital IMSS Bienestar de Cajeme.<\/p>\n\n\n\n<p>Rescatistas de la Cruz Roja y Bomberos de Navojoa utilizaron herramienta hidr\u00e1ulica para liberar a los atrapados, mientras controlaban un inicio de incendio en la unidad. Las autoridades de Tr\u00e1nsito Municipal acordonaron la zona y realizan las investigaciones para deslindar responsabilidades.<\/p>\n","protected":false},"excerpt":{"rendered":"<p>Familiares de las afectadas indicaron que las j\u00f3venes se encuentran en estado cr\u00edtico y luchan por su vida en el IMSS Bienestar de Cajeme. Navojoa, Sonora a 13 de enero de 2026 (Expreso).- Familiares de tres j\u00f3venes originarias del Campo 60 en B\u00e1cum hicieron un llamado a la comunidad para unirse en oraci\u00f3n por su [&hellip;]<\/p>\n","protected":false},"author":1,"featured_media":26300,"comment_status":"open","ping_status":"open","sticky":false,"template":"","format":"standard","meta":{"footnotes":""},"categories":[32],"tags":[],"class_list":["post-26299","post","type-post","status-publish","format-standard","has-post-thumbnail","hentry","category-policiaca"],"_links":{"self":[{"href":"https:\/\/elreporterodelacomunidad.com\/index.php\/wp-json\/wp\/v2\/posts\/26299","targetHints":{"allow":["GET"]}}],"collection":[{"href":"https:\/\/elreporterodelacomunidad.com\/index.php\/wp-json\/wp\/v2\/posts"}],"about":[{"href":"https:\/\/elreporterodelacomunidad.com\/index.php\/wp-json\/wp\/v2\/types\/post"}],"author":[{"embeddable":true,"href":"https:\/\/elreporterodelacomunidad.com\/index.php\/wp-json\/wp\/v2\/users\/1"}],"replies":[{"embeddable":true,"href":"https:\/\/elreporterodelacomunidad.com\/index.php\/wp-json\/wp\/v2\/comments?post=26299"}],"version-history":[{"count":1,"href":"https:\/\/elreporterodelacomunidad.com\/index.php\/wp-json\/wp\/v2\/posts\/26299\/revisions"}],"predecessor-version":[{"id":26301,"href":"https:\/\/elreporterodelacomunidad.com\/index.php\/wp-json\/wp\/v2\/posts\/26299\/revisions\/26301"}],"wp:featuredmedia":[{"embeddable":true,"href":"https:\/\/elreporterodelacomunidad.com\/index.php\/wp-json\/wp\/v2\/media\/26300"}],"wp:attachment":[{"href":"https:\/\/elreporterodelacomunidad.com\/index.php\/wp-json\/wp\/v2\/media?parent=26299"}],"wp:term":[{"taxonomy":"category","embeddable":true,"href":"https:\/\/elreporterodelacomunidad.com\/index.php\/wp-json\/wp\/v2\/categories?post=26299"},{"taxonomy":"post_tag","embeddable":true,"href":"https:\/\/elreporterodelacomunidad.com\/index.php\/wp-json\/wp\/v2\/tags?post=26299"}],"curies":[{"name":"wp","href":"https:\/\/api.w.org\/{rel}","templated":true}]}}