{"id":26285,"date":"2026-01-13T13:26:10","date_gmt":"2026-01-13T20:26:10","guid":{"rendered":"https:\/\/elreporterodelacomunidad.com\/?p=26285"},"modified":"2026-01-13T13:26:14","modified_gmt":"2026-01-13T20:26:14","slug":"da-unison-resultados-de-las-becas-de-exencion-de-pago-y-alimentos","status":"publish","type":"post","link":"https:\/\/elreporterodelacomunidad.com\/index.php\/2026\/01\/13\/da-unison-resultados-de-las-becas-de-exencion-de-pago-y-alimentos\/","title":{"rendered":"Da Unison resultados de las becas de exenci\u00f3n de pago y alimentos"},"content":{"rendered":"\n<p>Hermosillo, Sonora a 13 de enero de 2026.- Un total de 999 estudiantes de la Universidad de Sonora fueron seleccionados en la primera convocatoria de los programas de Beca de Exenci\u00f3n por Vulnerabilidad Socioecon\u00f3mica 2026-1 y de Becas Alimenticias 2026-1, inform\u00f3 Jessica Yvette Coronado Verdugo, titular de la Direcci\u00f3n de Apoyo a Estudiantes.<\/p>\n\n\n\n<p>La funcionaria universitaria explic\u00f3 que ambos programas fueron presentados en diciembre pasado por la rectora Dena Mar\u00eda Camarena G\u00f3mez, abri\u00e9ndose la convocatoria en el sitio https:\/\/becas-socioeconomicas.unison.mx\/ donde los estudiantes respondieron un formulario y adjuntaron su documentaci\u00f3n.<\/p>\n\n\n\n<p>Coronado Verdugo inform\u00f3 que para el programa de Beca de Exenci\u00f3n por Vulnerabilidad Socioecon\u00f3mica se recibieron 1,224 solicitudes, mientras que para las becas alimenticias se registraron 513 solicitudes.<\/p>\n\n\n\n<p>De este total, precis\u00f3, 749 alumnos ser\u00e1n beneficiados con la exenci\u00f3n del pago de inscripci\u00f3n y colegiaturas, mientras que 250 estudiantes recibir\u00e1n el apoyo alimenticio en el comedor universitario asignado en cada campus. En este \u00faltimo programa se destina una inversi\u00f3n de dos millones de pesos.<\/p>\n\n\n\n<p>\u201cCaborca con 41 estudiantes que no van a realizar pago de inscripci\u00f3n y colegiaturas, Cajeme con 78, Hermosillo con 531, Navojoa son 79 estudiantes, Nogales 18 y Santa Ana son 2.<\/p>\n\n\n\n<p>\u201cEn el caso de las becas alimenticias el tope eran 250, son 5 de Caborca, en Cajeme 18, Hermosillo 185, Navojoa 35, Nogales 6 y Santa Ana 1\u201d, puntualiz\u00f3.<\/p>\n\n\n\n<p>En el caso del Programa de Becas Alimenticias 2026-1, pueden consultarse en https:\/\/becas-socioeconomicas.unison.mx\/, mientras que los del Programa de Beca de Exenci\u00f3n por Vulnerabilidad Socioecon\u00f3mica 2026-1 est\u00e1n disponibles en https:\/\/becas-socioeconomicas.unison.mx\/Programa_de_Beca_de_Exencion.html<\/p>\n","protected":false},"excerpt":{"rendered":"<p>Hermosillo, Sonora a 13 de enero de 2026.- Un total de 999 estudiantes de la Universidad de Sonora fueron seleccionados en la primera convocatoria de los programas de Beca de Exenci\u00f3n por Vulnerabilidad Socioecon\u00f3mica 2026-1 y de Becas Alimenticias 2026-1, inform\u00f3 Jessica Yvette Coronado Verdugo, titular de la Direcci\u00f3n de Apoyo a Estudiantes. La funcionaria [&hellip;]<\/p>\n","protected":false},"author":2,"featured_media":26286,"comment_status":"open","ping_status":"open","sticky":false,"template":"","format":"standard","meta":{"footnotes":""},"categories":[36],"tags":[],"class_list":["post-26285","post","type-post","status-publish","format-standard","has-post-thumbnail","hentry","category-educacion"],"_links":{"self":[{"href":"https:\/\/elreporterodelacomunidad.com\/index.php\/wp-json\/wp\/v2\/posts\/26285","targetHints":{"allow":["GET"]}}],"collection":[{"href":"https:\/\/elreporterodelacomunidad.com\/index.php\/wp-json\/wp\/v2\/posts"}],"about":[{"href":"https:\/\/elreporterodelacomunidad.com\/index.php\/wp-json\/wp\/v2\/types\/post"}],"author":[{"embeddable":true,"href":"https:\/\/elreporterodelacomunidad.com\/index.php\/wp-json\/wp\/v2\/users\/2"}],"replies":[{"embeddable":true,"href":"https:\/\/elreporterodelacomunidad.com\/index.php\/wp-json\/wp\/v2\/comments?post=26285"}],"version-history":[{"count":1,"href":"https:\/\/elreporterodelacomunidad.com\/index.php\/wp-json\/wp\/v2\/posts\/26285\/revisions"}],"predecessor-version":[{"id":26287,"href":"https:\/\/elreporterodelacomunidad.com\/index.php\/wp-json\/wp\/v2\/posts\/26285\/revisions\/26287"}],"wp:featuredmedia":[{"embeddable":true,"href":"https:\/\/elreporterodelacomunidad.com\/index.php\/wp-json\/wp\/v2\/media\/26286"}],"wp:attachment":[{"href":"https:\/\/elreporterodelacomunidad.com\/index.php\/wp-json\/wp\/v2\/media?parent=26285"}],"wp:term":[{"taxonomy":"category","embeddable":true,"href":"https:\/\/elreporterodelacomunidad.com\/index.php\/wp-json\/wp\/v2\/categories?post=26285"},{"taxonomy":"post_tag","embeddable":true,"href":"https:\/\/elreporterodelacomunidad.com\/index.php\/wp-json\/wp\/v2\/tags?post=26285"}],"curies":[{"name":"wp","href":"https:\/\/api.w.org\/{rel}","templated":true}]}}