{"id":26148,"date":"2026-01-09T15:18:00","date_gmt":"2026-01-09T22:18:00","guid":{"rendered":"https:\/\/elreporterodelacomunidad.com\/?p=26148"},"modified":"2026-01-09T15:18:22","modified_gmt":"2026-01-09T22:18:22","slug":"en-bacum-amic-y-defensa-capturan-a-dos-sujetos-con-armas-narcotico-y-dos-vehiculos","status":"publish","type":"post","link":"https:\/\/elreporterodelacomunidad.com\/index.php\/2026\/01\/09\/en-bacum-amic-y-defensa-capturan-a-dos-sujetos-con-armas-narcotico-y-dos-vehiculos\/","title":{"rendered":"En B\u00e1cum, AMIC y DEFENSA capturan a dos sujetos con armas, narc\u00f3tico y dos veh\u00edculos"},"content":{"rendered":"\n<p>B\u00e1cum, Sonora a 09 de enero de 2025.- Como resultado de operativos conjuntos entre la Agencia Ministerial de Investigaci\u00f3n Criminal (AMIC) y la Secretar\u00eda de la Defensa Nacional (DEFENSA), se logr\u00f3 la captura de dos personas y el aseguramiento de armas de fuego, narc\u00f3ticos y veh\u00edculos, en B\u00e1cum, Sonora.<\/p>\n\n\n\n<p>Los detenidos fueron identificados como Filiberto \u201cN\u201d, de 25 a\u00f1os, y Waldemar \u201cN\u201d, de 32 a\u00f1os, este \u00faltimo con antecedente penal registrado en 2022 como v\u00edctima de homicidio en grado de tentativa.<\/p>\n\n\n\n<p>Durante la intervenci\u00f3n se aseguraron armas de uso exclusivo, integrado por dos fusiles AK-47, una ametralladora ligera tipo AR-15, tres armas cortas, as\u00ed como chalecos t\u00e1cticos con placas bal\u00edsticas y abundante munici\u00f3n de distintos calibres.<\/p>\n\n\n\n<p>Adem\u00e1s, se asegur\u00f3 una cantidad considerable de narc\u00f3tico, consistente en 6 mil 144 dosis de \u201ccristal\u201d y 991 envoltorios de marihuana, adem\u00e1s de dos veh\u00edculos tipo pick up GMC Sierra, presuntamente relacionados con las actividades il\u00edcitas.<\/p>\n\n\n\n<p>Los detenidos y la totalidad de los indicios fueron puestos a disposici\u00f3n del personal de la Delegaci\u00f3n Sonora de la Fiscal\u00eda General de la Rep\u00fablica (FGR), autoridad competente para continuar con las investigaciones correspondientes.<\/p>\n\n\n\n<p>La Fiscal\u00eda General de Justicia del Estado de Sonora (FGJES), refrenda su compromiso de fortalecer la coordinaci\u00f3n con las fuerzas federales para combatir frontalmente los delitos que ponen en riesgo la seguridad y la paz social en Sonora.<\/p>\n\n\n\n<p class=\"has-text-align-center\"><img loading=\"lazy\" decoding=\"async\" width=\"500\" height=\"626\" class=\"wp-image-26150\" style=\"width: 500px;\" src=\"https:\/\/elreporterodelacomunidad.com\/wp-content\/uploads\/2026\/01\/10614385-d08f-4c1c-9c56-ca018a25b99d.jpg\" alt=\"\" srcset=\"https:\/\/elreporterodelacomunidad.com\/wp-content\/uploads\/2026\/01\/10614385-d08f-4c1c-9c56-ca018a25b99d.jpg 1079w, https:\/\/elreporterodelacomunidad.com\/wp-content\/uploads\/2026\/01\/10614385-d08f-4c1c-9c56-ca018a25b99d-240x300.jpg 240w, https:\/\/elreporterodelacomunidad.com\/wp-content\/uploads\/2026\/01\/10614385-d08f-4c1c-9c56-ca018a25b99d-818x1024.jpg 818w, https:\/\/elreporterodelacomunidad.com\/wp-content\/uploads\/2026\/01\/10614385-d08f-4c1c-9c56-ca018a25b99d-768x961.jpg 768w, https:\/\/elreporterodelacomunidad.com\/wp-content\/uploads\/2026\/01\/10614385-d08f-4c1c-9c56-ca018a25b99d-750x938.jpg 750w\" sizes=\"auto, (max-width: 500px) 100vw, 500px\" \/><\/p>\n","protected":false},"excerpt":{"rendered":"<p>B\u00e1cum, Sonora a 09 de enero de 2025.- Como resultado de operativos conjuntos entre la Agencia Ministerial de Investigaci\u00f3n Criminal (AMIC) y la Secretar\u00eda de la Defensa Nacional (DEFENSA), se logr\u00f3 la captura de dos personas y el aseguramiento de armas de fuego, narc\u00f3ticos y veh\u00edculos, en B\u00e1cum, Sonora. Los detenidos fueron identificados como Filiberto [&hellip;]<\/p>\n","protected":false},"author":1,"featured_media":26151,"comment_status":"open","ping_status":"open","sticky":false,"template":"","format":"standard","meta":{"footnotes":""},"categories":[32],"tags":[],"class_list":["post-26148","post","type-post","status-publish","format-standard","has-post-thumbnail","hentry","category-policiaca"],"_links":{"self":[{"href":"https:\/\/elreporterodelacomunidad.com\/index.php\/wp-json\/wp\/v2\/posts\/26148","targetHints":{"allow":["GET"]}}],"collection":[{"href":"https:\/\/elreporterodelacomunidad.com\/index.php\/wp-json\/wp\/v2\/posts"}],"about":[{"href":"https:\/\/elreporterodelacomunidad.com\/index.php\/wp-json\/wp\/v2\/types\/post"}],"author":[{"embeddable":true,"href":"https:\/\/elreporterodelacomunidad.com\/index.php\/wp-json\/wp\/v2\/users\/1"}],"replies":[{"embeddable":true,"href":"https:\/\/elreporterodelacomunidad.com\/index.php\/wp-json\/wp\/v2\/comments?post=26148"}],"version-history":[{"count":1,"href":"https:\/\/elreporterodelacomunidad.com\/index.php\/wp-json\/wp\/v2\/posts\/26148\/revisions"}],"predecessor-version":[{"id":26152,"href":"https:\/\/elreporterodelacomunidad.com\/index.php\/wp-json\/wp\/v2\/posts\/26148\/revisions\/26152"}],"wp:featuredmedia":[{"embeddable":true,"href":"https:\/\/elreporterodelacomunidad.com\/index.php\/wp-json\/wp\/v2\/media\/26151"}],"wp:attachment":[{"href":"https:\/\/elreporterodelacomunidad.com\/index.php\/wp-json\/wp\/v2\/media?parent=26148"}],"wp:term":[{"taxonomy":"category","embeddable":true,"href":"https:\/\/elreporterodelacomunidad.com\/index.php\/wp-json\/wp\/v2\/categories?post=26148"},{"taxonomy":"post_tag","embeddable":true,"href":"https:\/\/elreporterodelacomunidad.com\/index.php\/wp-json\/wp\/v2\/tags?post=26148"}],"curies":[{"name":"wp","href":"https:\/\/api.w.org\/{rel}","templated":true}]}}