{"id":26138,"date":"2026-01-09T15:11:58","date_gmt":"2026-01-09T22:11:58","guid":{"rendered":"https:\/\/elreporterodelacomunidad.com\/?p=26138"},"modified":"2026-01-09T15:12:04","modified_gmt":"2026-01-09T22:12:04","slug":"dos-personas-armadas-fueron-detenidas-en-operativo-de-la-policia-estatal","status":"publish","type":"post","link":"https:\/\/elreporterodelacomunidad.com\/index.php\/2026\/01\/09\/dos-personas-armadas-fueron-detenidas-en-operativo-de-la-policia-estatal\/","title":{"rendered":"Dos personas armadas fueron detenidas en operativo de la Polic\u00eda Estatal"},"content":{"rendered":"\n<p>Hermosillo, Sonora a 09 de enero de 2026.- En una acci\u00f3n contundente contra el delito, la Polic\u00eda Estatal de Seguridad P\u00fablica (PESP) realiz\u00f3 la detenci\u00f3n de dos personas por posesi\u00f3n de arma de fuego, cartuchos y narc\u00f3tico en la ciudad de Hermosillo.<\/p>\n\n\n\n<p>El operativo realiz\u00f3 la detenci\u00f3n de Jes\u00fas \u201cN\u201d y Yalitzza \u201cN\u201d de 35 y 25 a\u00f1os de edad, respectivamente, al sorprenderlos durante los patrullajes de vigilancia nocturnos que efectuaron el jueves 8 de enero en la colonia Palo Verde.<\/p>\n\n\n\n<p>Durante la intervenci\u00f3n policial se les incaut\u00f3 un veh\u00edculo, adem\u00e1s de una pistola calibre .9mm, cinco envoltorios con narc\u00f3tico, cargador y cartuchos, motivo por el cual quedaron detenidas las dos personas, inform\u00e1ndoles sobre los derechos de los detenidos para quedar a disposici\u00f3n del Ministerio P\u00fablico correspondiente.<\/p>\n\n\n\n<p>La Polic\u00eda Estatal de Seguridad P\u00fablica refuerza de manera permanente su presencia en la capital del estado para atender a la ciudadan\u00eda y coordinar acciones con los tres niveles de gobierno dentro de la estrategia nacional de seguridad. Asimismo, se exhorta a la poblaci\u00f3n a realizar reportes del delito de manera an\u00f3nima a la l\u00ednea 089.<\/p>\n\n\n\n<p>Nota: Las personas detenidas se presumen inocentes y ser\u00e1n tratadas como tales en todas las etapas del procedimiento, mientras no se declare su responsabilidad mediante sentencia emitida por el \u00f3rgano jurisdiccional correspondiente, conforme a lo establecido en el art\u00edculo 13 del C\u00f3digo Nacional de Procedimientos Penales.<\/p>\n\n\n\n<p class=\"has-text-align-center\"><img loading=\"lazy\" decoding=\"async\" width=\"500\" height=\"500\" class=\"wp-image-26139\" style=\"width: 500px;\" src=\"https:\/\/elreporterodelacomunidad.com\/wp-content\/uploads\/2026\/01\/4399dba1-ea50-4569-b809-d40ff5f0538f.jpg\" alt=\"\" srcset=\"https:\/\/elreporterodelacomunidad.com\/wp-content\/uploads\/2026\/01\/4399dba1-ea50-4569-b809-d40ff5f0538f.jpg 1200w, https:\/\/elreporterodelacomunidad.com\/wp-content\/uploads\/2026\/01\/4399dba1-ea50-4569-b809-d40ff5f0538f-300x300.jpg 300w, https:\/\/elreporterodelacomunidad.com\/wp-content\/uploads\/2026\/01\/4399dba1-ea50-4569-b809-d40ff5f0538f-1024x1024.jpg 1024w, https:\/\/elreporterodelacomunidad.com\/wp-content\/uploads\/2026\/01\/4399dba1-ea50-4569-b809-d40ff5f0538f-150x150.jpg 150w, https:\/\/elreporterodelacomunidad.com\/wp-content\/uploads\/2026\/01\/4399dba1-ea50-4569-b809-d40ff5f0538f-768x768.jpg 768w, https:\/\/elreporterodelacomunidad.com\/wp-content\/uploads\/2026\/01\/4399dba1-ea50-4569-b809-d40ff5f0538f-75x75.jpg 75w, https:\/\/elreporterodelacomunidad.com\/wp-content\/uploads\/2026\/01\/4399dba1-ea50-4569-b809-d40ff5f0538f-350x350.jpg 350w, https:\/\/elreporterodelacomunidad.com\/wp-content\/uploads\/2026\/01\/4399dba1-ea50-4569-b809-d40ff5f0538f-750x750.jpg 750w, https:\/\/elreporterodelacomunidad.com\/wp-content\/uploads\/2026\/01\/4399dba1-ea50-4569-b809-d40ff5f0538f-1140x1140.jpg 1140w\" sizes=\"auto, (max-width: 500px) 100vw, 500px\" \/><\/p>\n","protected":false},"excerpt":{"rendered":"<p>Hermosillo, Sonora a 09 de enero de 2026.- En una acci\u00f3n contundente contra el delito, la Polic\u00eda Estatal de Seguridad P\u00fablica (PESP) realiz\u00f3 la detenci\u00f3n de dos personas por posesi\u00f3n de arma de fuego, cartuchos y narc\u00f3tico en la ciudad de Hermosillo. El operativo realiz\u00f3 la detenci\u00f3n de Jes\u00fas \u201cN\u201d y Yalitzza \u201cN\u201d de 35 [&hellip;]<\/p>\n","protected":false},"author":1,"featured_media":26140,"comment_status":"open","ping_status":"open","sticky":false,"template":"","format":"standard","meta":{"footnotes":""},"categories":[32],"tags":[],"class_list":["post-26138","post","type-post","status-publish","format-standard","has-post-thumbnail","hentry","category-policiaca"],"_links":{"self":[{"href":"https:\/\/elreporterodelacomunidad.com\/index.php\/wp-json\/wp\/v2\/posts\/26138","targetHints":{"allow":["GET"]}}],"collection":[{"href":"https:\/\/elreporterodelacomunidad.com\/index.php\/wp-json\/wp\/v2\/posts"}],"about":[{"href":"https:\/\/elreporterodelacomunidad.com\/index.php\/wp-json\/wp\/v2\/types\/post"}],"author":[{"embeddable":true,"href":"https:\/\/elreporterodelacomunidad.com\/index.php\/wp-json\/wp\/v2\/users\/1"}],"replies":[{"embeddable":true,"href":"https:\/\/elreporterodelacomunidad.com\/index.php\/wp-json\/wp\/v2\/comments?post=26138"}],"version-history":[{"count":1,"href":"https:\/\/elreporterodelacomunidad.com\/index.php\/wp-json\/wp\/v2\/posts\/26138\/revisions"}],"predecessor-version":[{"id":26141,"href":"https:\/\/elreporterodelacomunidad.com\/index.php\/wp-json\/wp\/v2\/posts\/26138\/revisions\/26141"}],"wp:featuredmedia":[{"embeddable":true,"href":"https:\/\/elreporterodelacomunidad.com\/index.php\/wp-json\/wp\/v2\/media\/26140"}],"wp:attachment":[{"href":"https:\/\/elreporterodelacomunidad.com\/index.php\/wp-json\/wp\/v2\/media?parent=26138"}],"wp:term":[{"taxonomy":"category","embeddable":true,"href":"https:\/\/elreporterodelacomunidad.com\/index.php\/wp-json\/wp\/v2\/categories?post=26138"},{"taxonomy":"post_tag","embeddable":true,"href":"https:\/\/elreporterodelacomunidad.com\/index.php\/wp-json\/wp\/v2\/tags?post=26138"}],"curies":[{"name":"wp","href":"https:\/\/api.w.org\/{rel}","templated":true}]}}