{"id":261,"date":"2024-05-09T00:00:00","date_gmt":"2024-05-09T07:00:00","guid":{"rendered":"https:\/\/elreporterodelacomunidad.com\/index.php\/2024\/05\/09\/cenace-pasa-por-segunda-ocasion-en-la-semana-de-estado-de-alerta-a-emergencia\/"},"modified":"2024-05-18T21:54:13","modified_gmt":"2024-05-19T04:54:13","slug":"cenace-pasa-por-segunda-ocasion-en-la-semana-de-estado-de-alerta-a-emergencia","status":"publish","type":"post","link":"https:\/\/elreporterodelacomunidad.com\/index.php\/2024\/05\/09\/cenace-pasa-por-segunda-ocasion-en-la-semana-de-estado-de-alerta-a-emergencia\/","title":{"rendered":"Cenace pasa por segunda ocasi\u00f3n en la semana de estado de alerta a emergencia"},"content":{"rendered":"<p class=\"MsoNormal\">Un apag\u00f3n en el Aeropuerto de Hermosillo se registr\u00f3 mientras varias personas esperaban la llegada del DJ Steve Aoki para presentarse en la ExpoGan 2024.&nbsp;La falla solamente afect\u00f3 el \u00e1rea de llegada en el edificio, mientras que otras permanec\u00edan con el servicio, como lo fue el \u00e1rea de documentaci\u00f3n de equipaje.<\/p>\n<p class=\"MsoNormal\">\n<p class=\"MsoNormal\">Dentro del \u00e1rea que result\u00f3 afectada por el apag\u00f3n, tambi\u00e9n fue en comercios de renta de autom\u00f3viles. De manera extraoficial se supo que este problema se registr\u00f3 a causa de un acto de vandalismo en un registro subterr\u00e1neo ubicado en el cruce de los bulevares Colosio y Quiroga.<\/p>\n<p class=\"MsoNormal\">El estado de alerta del Sistema El\u00e9ctrico Nacional culmin\u00f3, debido a que empeor\u00f3 y ahora es de emergencia, de acuerdo con el Centro Nacional de Control de Energ\u00eda (Cenace).<\/p>\n<p class=\"MsoNormal\">\n<p class=\"MsoNormal\">\u201cA las 18:47 horas del 9 de mayo de 2024, el Sistema Interconectado Nacional, pasa a Estado Operativo de Emergencia\u201d, se\u00f1ala la alerta del Cenace.<\/p>\n<p class=\"MsoNormal\">Previamente hab\u00eda informado que a partir de las 15:02 horas del 09 de mayo de 2024 se declar\u00f3 Estado Operativo de Alerta en el Sistema Interconectado Nacional, por lo que el Cenace llevar\u00e1 a cabo las acciones operativas conducentes.<\/p>\n<p class=\"MsoNormal\">Con este, ya es el tercer d\u00eda que se reporta el estado de alerta y el segundo en emergencia, pero ayer el Cenace no agiliz\u00f3 los reportes.<\/p>\n<p class=\"MsoNormal\">El pasado martes adem\u00e1s de alerta, el estado operativo del Sistema El\u00e9ctrico Nacional incluso pas\u00f3 a emergencia.<\/p>\n<p class=\"MsoNormal\">Cabe se\u00f1alar que el estado de alerta del martes, mi\u00e9rcoles y jueves gener\u00f3 interrupciones rotativas a los servicios de suministro, es decir, los apagones, para evitar da\u00f1os mayores a la red nacional de transmisi\u00f3n.<\/p>\n<p class=\"MsoNormal\">Expertos han se\u00f1alado a EL UNIVERSAL que la ra\u00edz de este problema es el incremento de demanda de servicios el\u00e9ctricos ante la ola de calor que contrasta con un estancamiento en la capacidad generaci\u00f3n de electricidad.<\/p>\n<p class=\"MsoNormal\">Lo anterior porque el gobierno no invirti\u00f3 y no dej\u00f3 que el sector privado invirtiera.<\/p>\n<p class=\"MsoNormal\">De hecho en julio de 2023, la situaci\u00f3n tambi\u00e9n tuvo lugar con diversos apagones en m\u00faltiples estados del pa\u00eds que en total generaron afectaciones a m\u00e1s de 10 millones de personas.<\/p>\n<p class=\"MsoNormal\">En ese momento la causa raz\u00f3n fue la misma, y las c\u00fapulas empresariales y expertos coincidieron en que hac\u00eda falta inversi\u00f3n en mantenimiento de las redes de distribuci\u00f3n y transmisi\u00f3n de electricidad, as\u00ed como el incremento de generaci\u00f3n para atender el aumento de la demanda.<\/p>\n","protected":false},"excerpt":{"rendered":"<p>Los reportes de apagones en redes sociales aparecieron ante las altas temperaturas sufridas en gran parte del pa\u00eds. En Hermosillo, se&nbsp;registra en Aeropuerto Internacional Ignacio Pesqueira.  &nbsp;  <\/p>\n","protected":false},"author":1,"featured_media":646,"comment_status":"open","ping_status":"open","sticky":false,"template":"","format":"standard","meta":{"footnotes":""},"categories":[29],"tags":[],"class_list":["post-261","post","type-post","status-publish","format-standard","has-post-thumbnail","hentry","category-principalsecundaria"],"_links":{"self":[{"href":"https:\/\/elreporterodelacomunidad.com\/index.php\/wp-json\/wp\/v2\/posts\/261","targetHints":{"allow":["GET"]}}],"collection":[{"href":"https:\/\/elreporterodelacomunidad.com\/index.php\/wp-json\/wp\/v2\/posts"}],"about":[{"href":"https:\/\/elreporterodelacomunidad.com\/index.php\/wp-json\/wp\/v2\/types\/post"}],"author":[{"embeddable":true,"href":"https:\/\/elreporterodelacomunidad.com\/index.php\/wp-json\/wp\/v2\/users\/1"}],"replies":[{"embeddable":true,"href":"https:\/\/elreporterodelacomunidad.com\/index.php\/wp-json\/wp\/v2\/comments?post=261"}],"version-history":[{"count":1,"href":"https:\/\/elreporterodelacomunidad.com\/index.php\/wp-json\/wp\/v2\/posts\/261\/revisions"}],"predecessor-version":[{"id":645,"href":"https:\/\/elreporterodelacomunidad.com\/index.php\/wp-json\/wp\/v2\/posts\/261\/revisions\/645"}],"wp:featuredmedia":[{"embeddable":true,"href":"https:\/\/elreporterodelacomunidad.com\/index.php\/wp-json\/wp\/v2\/media\/646"}],"wp:attachment":[{"href":"https:\/\/elreporterodelacomunidad.com\/index.php\/wp-json\/wp\/v2\/media?parent=261"}],"wp:term":[{"taxonomy":"category","embeddable":true,"href":"https:\/\/elreporterodelacomunidad.com\/index.php\/wp-json\/wp\/v2\/categories?post=261"},{"taxonomy":"post_tag","embeddable":true,"href":"https:\/\/elreporterodelacomunidad.com\/index.php\/wp-json\/wp\/v2\/tags?post=261"}],"curies":[{"name":"wp","href":"https:\/\/api.w.org\/{rel}","templated":true}]}}