{"id":26063,"date":"2026-01-05T22:35:35","date_gmt":"2026-01-06T05:35:35","guid":{"rendered":"https:\/\/elreporterodelacomunidad.com\/?p=26063"},"modified":"2026-01-05T22:37:25","modified_gmt":"2026-01-06T05:37:25","slug":"pierde-la-vida-persona-en-ataque-armado-al-sur-de-hermosillo","status":"publish","type":"post","link":"https:\/\/elreporterodelacomunidad.com\/index.php\/2026\/01\/05\/pierde-la-vida-persona-en-ataque-armado-al-sur-de-hermosillo\/","title":{"rendered":"Pierde la vida persona en ataque armado al sur de Hermosillo"},"content":{"rendered":"\n<p>Autoridades informaron que en el lugar se aseguraron tres veh\u00edculos, una camioneta marca Acadia GMC, un veh\u00edculo Honda Accord y un sedan tipo Accent de la marca Hyundai.<\/p>\n\n\n\n<p>Hermosillo, Sonora a 05 de enero de 2026.- La tarde de este lunes se registr\u00f3 una agresi\u00f3n armada en la colonia Gala III, al sur de Hermosillo, la cual dej\u00f3 como v\u00edctima una persona del sexo masculino fallecida.<\/p>\n\n\n\n<p>Fue alrededor de las 15:00 horas cuando se tuvo reporte del homicidio, en el cual un masculino de nombre Gaspar Joel \u201cN\u201d perdi\u00f3 la vida por proyectil de arma de fuego.<\/p>\n\n\n\n<p>De acuerdo con autoridades en el lugar, el occiso contaba con antecedentes de robo, corrupci\u00f3n de menores, narcomenudeo y delitos contra la salud en su modalidad de narcomenudeo en la conducta de posesi\u00f3n con fines de comercio o suministro de metanfetamina.<\/p>\n\n\n\n<p>Informaron que en el lugar se aseguraron tres veh\u00edculos, una camioneta de color gris de marca Acadia GMC, un veh\u00edculo Honda Accord de color gris y un sedan tipo Accent de la marca Hyundai de color blanco.<\/p>\n\n\n\n<p>Se registran homicidios en inicio de a\u00f1o<\/p>\n\n\n\n<p>Por otro lado, cabo recordar que, durante las primeras horas del jueves 1 de enero, un hombre perdi\u00f3 la vida en un ataque armado ocurrido en la colonia Las Amapolas, en la capital sonorense.<\/p>\n\n\n\n<p>El primera v\u00edctima de homicidio registrada de 2026 en Hermosillo fue identificada como Julio C\u00e9sar \u201cN\u201d, de 36 a\u00f1os, y su defunci\u00f3n se registr\u00f3 a las 4:55 horas, en la esquina de las calles Revoluci\u00f3n y De la Ceiba.<\/p>\n\n\n\n<p>De igual forma, en otros hechos, la Fiscal\u00eda General de Justicia del Estado de Sonora (FGJES) investiga la agresi\u00f3n armada registrada la noche del jueves 1 de enero durante un baile de A\u00f1o Nuevo realizado en la comunidad de Estaci\u00f3n Corral, al sur del municipio de Cajeme, donde se presentaba un grupo musical y que dej\u00f3 tres v\u00edctimas mortales.<\/p>\n\n\n\n<p>El ataque ocurri\u00f3 alrededor de las 23:00 horas, en momentos en que cientos de personas se encontraban reunidas para celebrar el A\u00f1o Nuevo y disfrutar del evento musical, el cual fue suspendido de manera inmediata tras los hechos violentos.<\/p>\n","protected":false},"excerpt":{"rendered":"<p>Autoridades informaron que en el lugar se aseguraron tres veh\u00edculos, una camioneta marca Acadia GMC, un veh\u00edculo Honda Accord y un sedan tipo Accent de la marca Hyundai. Hermosillo, Sonora a 05 de enero de 2026.- La tarde de este lunes se registr\u00f3 una agresi\u00f3n armada en la colonia Gala III, al sur de Hermosillo, [&hellip;]<\/p>\n","protected":false},"author":1,"featured_media":26064,"comment_status":"open","ping_status":"open","sticky":false,"template":"","format":"standard","meta":{"footnotes":""},"categories":[32],"tags":[],"class_list":["post-26063","post","type-post","status-publish","format-standard","has-post-thumbnail","hentry","category-policiaca"],"_links":{"self":[{"href":"https:\/\/elreporterodelacomunidad.com\/index.php\/wp-json\/wp\/v2\/posts\/26063","targetHints":{"allow":["GET"]}}],"collection":[{"href":"https:\/\/elreporterodelacomunidad.com\/index.php\/wp-json\/wp\/v2\/posts"}],"about":[{"href":"https:\/\/elreporterodelacomunidad.com\/index.php\/wp-json\/wp\/v2\/types\/post"}],"author":[{"embeddable":true,"href":"https:\/\/elreporterodelacomunidad.com\/index.php\/wp-json\/wp\/v2\/users\/1"}],"replies":[{"embeddable":true,"href":"https:\/\/elreporterodelacomunidad.com\/index.php\/wp-json\/wp\/v2\/comments?post=26063"}],"version-history":[{"count":1,"href":"https:\/\/elreporterodelacomunidad.com\/index.php\/wp-json\/wp\/v2\/posts\/26063\/revisions"}],"predecessor-version":[{"id":26065,"href":"https:\/\/elreporterodelacomunidad.com\/index.php\/wp-json\/wp\/v2\/posts\/26063\/revisions\/26065"}],"wp:featuredmedia":[{"embeddable":true,"href":"https:\/\/elreporterodelacomunidad.com\/index.php\/wp-json\/wp\/v2\/media\/26064"}],"wp:attachment":[{"href":"https:\/\/elreporterodelacomunidad.com\/index.php\/wp-json\/wp\/v2\/media?parent=26063"}],"wp:term":[{"taxonomy":"category","embeddable":true,"href":"https:\/\/elreporterodelacomunidad.com\/index.php\/wp-json\/wp\/v2\/categories?post=26063"},{"taxonomy":"post_tag","embeddable":true,"href":"https:\/\/elreporterodelacomunidad.com\/index.php\/wp-json\/wp\/v2\/tags?post=26063"}],"curies":[{"name":"wp","href":"https:\/\/api.w.org\/{rel}","templated":true}]}}