{"id":26039,"date":"2026-01-05T18:19:57","date_gmt":"2026-01-06T01:19:57","guid":{"rendered":"https:\/\/elreporterodelacomunidad.com\/?p=26039"},"modified":"2026-01-05T18:20:01","modified_gmt":"2026-01-06T01:20:01","slug":"coordinacion-interinstitucional-permite-asegurar-a-ciudadano-estadounidense-en-san-luis-rio-colorado-con-ordenes-de-arresto-en-eua","status":"publish","type":"post","link":"https:\/\/elreporterodelacomunidad.com\/index.php\/2026\/01\/05\/coordinacion-interinstitucional-permite-asegurar-a-ciudadano-estadounidense-en-san-luis-rio-colorado-con-ordenes-de-arresto-en-eua\/","title":{"rendered":"Coordinaci\u00f3n interinstitucional permite asegurar a ciudadano estadounidense en San Luis R\u00edo Colorado con \u00f3rdenes de arresto en EUA"},"content":{"rendered":"\n<p>San Luis R\u00edo Colorado, Sonora, 5 de enero de 2026.- La Agencia Ministerial de Investigaci\u00f3n Criminal (AMIC) asegur\u00f3 a un ciudadano estadounidense que contaba con dos \u00f3rdenes de arresto vigentes en Estados Unidos, derivado de una verificaci\u00f3n interinstitucional realizada en San Luis R\u00edo Colorado, Sonora.<\/p>\n\n\n\n<p>El aseguramiento ocurri\u00f3 en las instalaciones de Seguridad P\u00fablica Municipal, ubicadas en la colonia Campestre, donde el individuo hab\u00eda sido presentado por una falta administrativa relacionada con escandalizar en la v\u00eda p\u00fablica.<\/p>\n\n\n\n<p>Durante la revisi\u00f3n de antecedentes, personal de la AMIC estableci\u00f3 comunicaci\u00f3n con el enlace de Servicio de Marshals de Estados Unidos (USMS, por sus siglas en ingl\u00e9s), confirm\u00e1ndose la existencia de dos mandamientos judiciales activos en su contra.<\/p>\n\n\n\n<p>Las \u00f3rdenes corresponden a los delitos de conducir bajo la influencia del alcohol acompa\u00f1ado de un menor de 15 a\u00f1os, as\u00ed como hurto, emitidas el 18 de junio de 2025 y el 1 de mayo de 2025, respectivamente, por autoridades judiciales de Texas.<\/p>\n\n\n\n<p>El imputado fue identificado como Louis \u00c1ngel Jr., de 28 a\u00f1os de edad, ciudadano estadounidense, quien qued\u00f3 bajo resguardo conforme a los protocolos establecidos.<\/p>\n\n\n\n<p>De manera inmediata, la persona asegurada fue puesta a disposici\u00f3n del Instituto Nacional de Migraci\u00f3n (INM), instancia encargada de verificar su estatus legal en el pa\u00eds y realizar el procedimiento correspondiente para su entrega a las autoridades estadounidenses.<\/p>\n\n\n\n<p>La Fiscal\u00eda General de Justicia del Estado de Sonora (FGJES) refrenda su compromiso de mantener una colaboraci\u00f3n permanente con agencias nacionales e internacionales, fortaleciendo acciones de seguridad y procuraci\u00f3n de justicia en beneficio de la sociedad.<\/p>\n","protected":false},"excerpt":{"rendered":"<p>San Luis R\u00edo Colorado, Sonora, 5 de enero de 2026.- La Agencia Ministerial de Investigaci\u00f3n Criminal (AMIC) asegur\u00f3 a un ciudadano estadounidense que contaba con dos \u00f3rdenes de arresto vigentes en Estados Unidos, derivado de una verificaci\u00f3n interinstitucional realizada en San Luis R\u00edo Colorado, Sonora. El aseguramiento ocurri\u00f3 en las instalaciones de Seguridad P\u00fablica Municipal, [&hellip;]<\/p>\n","protected":false},"author":1,"featured_media":26040,"comment_status":"open","ping_status":"open","sticky":false,"template":"","format":"standard","meta":{"footnotes":""},"categories":[32],"tags":[],"class_list":["post-26039","post","type-post","status-publish","format-standard","has-post-thumbnail","hentry","category-policiaca"],"_links":{"self":[{"href":"https:\/\/elreporterodelacomunidad.com\/index.php\/wp-json\/wp\/v2\/posts\/26039","targetHints":{"allow":["GET"]}}],"collection":[{"href":"https:\/\/elreporterodelacomunidad.com\/index.php\/wp-json\/wp\/v2\/posts"}],"about":[{"href":"https:\/\/elreporterodelacomunidad.com\/index.php\/wp-json\/wp\/v2\/types\/post"}],"author":[{"embeddable":true,"href":"https:\/\/elreporterodelacomunidad.com\/index.php\/wp-json\/wp\/v2\/users\/1"}],"replies":[{"embeddable":true,"href":"https:\/\/elreporterodelacomunidad.com\/index.php\/wp-json\/wp\/v2\/comments?post=26039"}],"version-history":[{"count":1,"href":"https:\/\/elreporterodelacomunidad.com\/index.php\/wp-json\/wp\/v2\/posts\/26039\/revisions"}],"predecessor-version":[{"id":26041,"href":"https:\/\/elreporterodelacomunidad.com\/index.php\/wp-json\/wp\/v2\/posts\/26039\/revisions\/26041"}],"wp:featuredmedia":[{"embeddable":true,"href":"https:\/\/elreporterodelacomunidad.com\/index.php\/wp-json\/wp\/v2\/media\/26040"}],"wp:attachment":[{"href":"https:\/\/elreporterodelacomunidad.com\/index.php\/wp-json\/wp\/v2\/media?parent=26039"}],"wp:term":[{"taxonomy":"category","embeddable":true,"href":"https:\/\/elreporterodelacomunidad.com\/index.php\/wp-json\/wp\/v2\/categories?post=26039"},{"taxonomy":"post_tag","embeddable":true,"href":"https:\/\/elreporterodelacomunidad.com\/index.php\/wp-json\/wp\/v2\/tags?post=26039"}],"curies":[{"name":"wp","href":"https:\/\/api.w.org\/{rel}","templated":true}]}}