{"id":26024,"date":"2026-01-05T14:07:00","date_gmt":"2026-01-05T21:07:00","guid":{"rendered":"https:\/\/elreporterodelacomunidad.com\/?p=26024"},"modified":"2026-01-05T14:07:02","modified_gmt":"2026-01-05T21:07:02","slug":"detiene-policia-estatal-a-siete-personas-en-acciones-contra-el-narcomenudeo-en-hermosillo","status":"publish","type":"post","link":"https:\/\/elreporterodelacomunidad.com\/index.php\/2026\/01\/05\/detiene-policia-estatal-a-siete-personas-en-acciones-contra-el-narcomenudeo-en-hermosillo\/","title":{"rendered":"Detiene Polic\u00eda Estatal a siete personas en acciones contra el narcomenudeo en Hermosillo"},"content":{"rendered":"\n<p>Hermosillo, Sonora a 05 de enero de 2026.- Con el compromiso de atender la denuncia ciudadana y fortalecer los operativos en la ciudad de Hermosillo, la Polic\u00eda Estatal de Seguridad P\u00fablica (PESP) realiz\u00f3 la detenci\u00f3n de siete personas por posesi\u00f3n de narc\u00f3ticos.<\/p>\n\n\n\n<p>En diferentes hechos ocurridos el d\u00eda de ayer en la capital sonorense, grupos operativos de la PESP generaron aseguramientos de sustancias prohibidas en las colonias Jacinto L\u00f3pez, \u00c1lvaro Obreg\u00f3n, Balderrama, Ley 57, Nuevo Hermosillo y Olivares.<\/p>\n\n\n\n<p>Binomios de la Unidad K-9 de la PESP realizaban patrullajes de vigilancia por el sector norte de la ciudad, sobre la avenida Art\u00edculo 123 y Monteverde, donde efectuaron la detenci\u00f3n de Erick \u201cN\u201d, de 32 a\u00f1os de edad, cuando el ejemplar canino Killy realiz\u00f3 la marcaci\u00f3n de la sustancia il\u00edcita, logrando la incautaci\u00f3n de 10 envoltorios con narc\u00f3tico.<\/p>\n\n\n\n<p>En la colonia \u00c1lvaro Obreg\u00f3n, un menor de edad fue sorprendido con cuatro bolsas con hierba verde; adem\u00e1s, en la Balderrama se incautaron 15 envoltorios con narc\u00f3tico durante la detenci\u00f3n de Francisco \u201cN\u201d, de 43 a\u00f1os.<\/p>\n\n\n\n<p>Durante patrullajes de vigilancia al sur de la ciudad, en la colonia Nuevo Hermosillo se efectu\u00f3 el arresto de Francisco \u201cN\u201d, de 21 a\u00f1os, al asegurarle 20 envoltorios de sustancia granulada il\u00edcita; adem\u00e1s, en otros hechos en la misma colonia se asegur\u00f3 un paquete con m\u00e1s de 200 gramos de narc\u00f3tico durante la detenci\u00f3n de Irene \u201cN\u201d, de 32 a\u00f1os de edad.<\/p>\n\n\n\n<p>Mientras tanto, en la colonia Olivares fue detenido Armando \u201cN\u201d, de 51 a\u00f1os, con 21 paquetes con narc\u00f3tico.<\/p>\n\n\n\n<p>La Polic\u00eda Estatal hace un llamado a la ciudadan\u00eda para reportar el delito a la l\u00ednea an\u00f3nima 089; adem\u00e1s, los grupos operativos mantienen los patrullajes de vigilancia en Hermosillo, colaborando con autoridades de los tres niveles de gobierno para atender la denuncia ciudadana y fortalecer la estrategia de seguridad para la prevenci\u00f3n y combate al delito.<\/p>\n\n\n\n<p>Nota: Las personas detenidas se presumen inocentes y ser\u00e1n tratadas como tales en todas las etapas del procedimiento, mientras no se declare su responsabilidad mediante sentencia emitida por el \u00f3rgano jurisdiccional correspondiente, conforme a lo establecido en el art\u00edculo 13 del C\u00f3digo Nacional de Procedimientos Penales.<\/p>\n\n\n\n<p class=\"has-text-align-center\"><img loading=\"lazy\" decoding=\"async\" width=\"500\" height=\"500\" class=\"wp-image-26027\" style=\"width: 500px;\" src=\"https:\/\/elreporterodelacomunidad.com\/wp-content\/uploads\/2026\/01\/p-1.jpg\" alt=\"\" srcset=\"https:\/\/elreporterodelacomunidad.com\/wp-content\/uploads\/2026\/01\/p-1.jpg 1181w, https:\/\/elreporterodelacomunidad.com\/wp-content\/uploads\/2026\/01\/p-1-300x300.jpg 300w, https:\/\/elreporterodelacomunidad.com\/wp-content\/uploads\/2026\/01\/p-1-1024x1024.jpg 1024w, https:\/\/elreporterodelacomunidad.com\/wp-content\/uploads\/2026\/01\/p-1-150x150.jpg 150w, https:\/\/elreporterodelacomunidad.com\/wp-content\/uploads\/2026\/01\/p-1-768x768.jpg 768w, https:\/\/elreporterodelacomunidad.com\/wp-content\/uploads\/2026\/01\/p-1-75x75.jpg 75w, https:\/\/elreporterodelacomunidad.com\/wp-content\/uploads\/2026\/01\/p-1-350x350.jpg 350w, https:\/\/elreporterodelacomunidad.com\/wp-content\/uploads\/2026\/01\/p-1-750x750.jpg 750w, https:\/\/elreporterodelacomunidad.com\/wp-content\/uploads\/2026\/01\/p-1-1140x1140.jpg 1140w\" sizes=\"auto, (max-width: 500px) 100vw, 500px\" \/><\/p>\n","protected":false},"excerpt":{"rendered":"<p>Hermosillo, Sonora a 05 de enero de 2026.- Con el compromiso de atender la denuncia ciudadana y fortalecer los operativos en la ciudad de Hermosillo, la Polic\u00eda Estatal de Seguridad P\u00fablica (PESP) realiz\u00f3 la detenci\u00f3n de siete personas por posesi\u00f3n de narc\u00f3ticos. En diferentes hechos ocurridos el d\u00eda de ayer en la capital sonorense, grupos [&hellip;]<\/p>\n","protected":false},"author":1,"featured_media":26026,"comment_status":"open","ping_status":"open","sticky":false,"template":"","format":"standard","meta":{"footnotes":""},"categories":[32],"tags":[],"class_list":["post-26024","post","type-post","status-publish","format-standard","has-post-thumbnail","hentry","category-policiaca"],"_links":{"self":[{"href":"https:\/\/elreporterodelacomunidad.com\/index.php\/wp-json\/wp\/v2\/posts\/26024","targetHints":{"allow":["GET"]}}],"collection":[{"href":"https:\/\/elreporterodelacomunidad.com\/index.php\/wp-json\/wp\/v2\/posts"}],"about":[{"href":"https:\/\/elreporterodelacomunidad.com\/index.php\/wp-json\/wp\/v2\/types\/post"}],"author":[{"embeddable":true,"href":"https:\/\/elreporterodelacomunidad.com\/index.php\/wp-json\/wp\/v2\/users\/1"}],"replies":[{"embeddable":true,"href":"https:\/\/elreporterodelacomunidad.com\/index.php\/wp-json\/wp\/v2\/comments?post=26024"}],"version-history":[{"count":1,"href":"https:\/\/elreporterodelacomunidad.com\/index.php\/wp-json\/wp\/v2\/posts\/26024\/revisions"}],"predecessor-version":[{"id":26028,"href":"https:\/\/elreporterodelacomunidad.com\/index.php\/wp-json\/wp\/v2\/posts\/26024\/revisions\/26028"}],"wp:featuredmedia":[{"embeddable":true,"href":"https:\/\/elreporterodelacomunidad.com\/index.php\/wp-json\/wp\/v2\/media\/26026"}],"wp:attachment":[{"href":"https:\/\/elreporterodelacomunidad.com\/index.php\/wp-json\/wp\/v2\/media?parent=26024"}],"wp:term":[{"taxonomy":"category","embeddable":true,"href":"https:\/\/elreporterodelacomunidad.com\/index.php\/wp-json\/wp\/v2\/categories?post=26024"},{"taxonomy":"post_tag","embeddable":true,"href":"https:\/\/elreporterodelacomunidad.com\/index.php\/wp-json\/wp\/v2\/tags?post=26024"}],"curies":[{"name":"wp","href":"https:\/\/api.w.org\/{rel}","templated":true}]}}