{"id":25948,"date":"2025-12-30T15:00:29","date_gmt":"2025-12-30T22:00:29","guid":{"rendered":"https:\/\/elreporterodelacomunidad.com\/?p=25948"},"modified":"2025-12-30T15:00:41","modified_gmt":"2025-12-30T22:00:41","slug":"reconoce-itesca-trayectoria-de-personal-docente-y-administrativo","status":"publish","type":"post","link":"https:\/\/elreporterodelacomunidad.com\/index.php\/2025\/12\/30\/reconoce-itesca-trayectoria-de-personal-docente-y-administrativo\/","title":{"rendered":"Reconoce Itesca trayectoria de personal docente y administrativo"},"content":{"rendered":"\n<p>Cajeme, Sonora; 30 de diciembre de 2025.- Como parte de las actividades conmemorativas por su 29 aniversario, el Gobierno de Sonora, a trav\u00e9s del Instituto Tecnol\u00f3gico Superior de Cajeme (Itesca), realiz\u00f3 la Ceremonia Anual de Reconocimiento a la Permanencia, dise\u00f1ada para celebrar y destacar los logros excepcionales de su equipo de trabajo.<\/p>\n\n\n\n<p>Durante la ceremonia se otorgaron 16 reconocimientos por 25 a\u00f1os de servicio, 13 por 20 a\u00f1os, cinco por 15 y cinco m\u00e1s por 10 a\u00f1os, tanto a personal docente como administrativo, celebrando as\u00ed las trayectorias que han fortalecido a esta instituci\u00f3n educativa y permitido avanzar hacia nuevos horizontes.<\/p>\n\n\n\n<p>La directora general de Itesca, Margarita V\u00e9lez de la Rocha, entreg\u00f3 los reconocimientos por permanencia laboral de 25, 20, 15 y 10 a\u00f1os de servicio al personal docente y administrativo.<\/p>\n\n\n\n<p>De esta manera, se rindi\u00f3 homenaje a todas y todos aquellos que han formado parte de este centro universitario, reconociendo la dedicaci\u00f3n incansable del equipo de maestras, maestros y personal administrativo, quienes con pasi\u00f3n y entrega han guiado a generaciones con conocimientos y valores.<\/p>\n\n\n\n<p>Correspondi\u00f3 a la docente Ana Karen Rodr\u00edguez Olea, jefa de la Divisi\u00f3n de Ingenier\u00eda Ambiental, dirigir un mensaje de agradecimiento a nombre de todas y todos los homenajeados, destacando la labor educativa como una de las tareas sociales m\u00e1s importantes: educar.<\/p>\n","protected":false},"excerpt":{"rendered":"<p>Cajeme, Sonora; 30 de diciembre de 2025.- Como parte de las actividades conmemorativas por su 29 aniversario, el Gobierno de Sonora, a trav\u00e9s del Instituto Tecnol\u00f3gico Superior de Cajeme (Itesca), realiz\u00f3 la Ceremonia Anual de Reconocimiento a la Permanencia, dise\u00f1ada para celebrar y destacar los logros excepcionales de su equipo de trabajo. Durante la ceremonia [&hellip;]<\/p>\n","protected":false},"author":1,"featured_media":25949,"comment_status":"open","ping_status":"open","sticky":false,"template":"","format":"standard","meta":{"footnotes":""},"categories":[36],"tags":[],"class_list":["post-25948","post","type-post","status-publish","format-standard","has-post-thumbnail","hentry","category-educacion"],"_links":{"self":[{"href":"https:\/\/elreporterodelacomunidad.com\/index.php\/wp-json\/wp\/v2\/posts\/25948","targetHints":{"allow":["GET"]}}],"collection":[{"href":"https:\/\/elreporterodelacomunidad.com\/index.php\/wp-json\/wp\/v2\/posts"}],"about":[{"href":"https:\/\/elreporterodelacomunidad.com\/index.php\/wp-json\/wp\/v2\/types\/post"}],"author":[{"embeddable":true,"href":"https:\/\/elreporterodelacomunidad.com\/index.php\/wp-json\/wp\/v2\/users\/1"}],"replies":[{"embeddable":true,"href":"https:\/\/elreporterodelacomunidad.com\/index.php\/wp-json\/wp\/v2\/comments?post=25948"}],"version-history":[{"count":1,"href":"https:\/\/elreporterodelacomunidad.com\/index.php\/wp-json\/wp\/v2\/posts\/25948\/revisions"}],"predecessor-version":[{"id":25950,"href":"https:\/\/elreporterodelacomunidad.com\/index.php\/wp-json\/wp\/v2\/posts\/25948\/revisions\/25950"}],"wp:featuredmedia":[{"embeddable":true,"href":"https:\/\/elreporterodelacomunidad.com\/index.php\/wp-json\/wp\/v2\/media\/25949"}],"wp:attachment":[{"href":"https:\/\/elreporterodelacomunidad.com\/index.php\/wp-json\/wp\/v2\/media?parent=25948"}],"wp:term":[{"taxonomy":"category","embeddable":true,"href":"https:\/\/elreporterodelacomunidad.com\/index.php\/wp-json\/wp\/v2\/categories?post=25948"},{"taxonomy":"post_tag","embeddable":true,"href":"https:\/\/elreporterodelacomunidad.com\/index.php\/wp-json\/wp\/v2\/tags?post=25948"}],"curies":[{"name":"wp","href":"https:\/\/api.w.org\/{rel}","templated":true}]}}