{"id":25924,"date":"2025-12-26T15:52:21","date_gmt":"2025-12-26T22:52:21","guid":{"rendered":"https:\/\/elreporterodelacomunidad.com\/?p=25924"},"modified":"2025-12-26T15:52:28","modified_gmt":"2025-12-26T22:52:28","slug":"recomienda-sspc-sonora-no-realizar-llamadas-de-broma-al-9-1-1-por-el-dia-de-santos-inocentes","status":"publish","type":"post","link":"https:\/\/elreporterodelacomunidad.com\/index.php\/2025\/12\/26\/recomienda-sspc-sonora-no-realizar-llamadas-de-broma-al-9-1-1-por-el-dia-de-santos-inocentes\/","title":{"rendered":"Recomienda SSPC Sonora no realizar llamadas de broma al 9-1-1 por el D\u00eda de Santos Inocentes"},"content":{"rendered":"\n<p>Hermosillo, Sonora; 26 de diciembre de 2025.\u2013 La Secretar\u00eda de Seguridad y Protecci\u00f3n Ciudadana (SSPC), del Gobierno de Sonora, hizo un llamado a madres y padres de familia para vigilar que las y los menores de edad no hagan un mal uso de la l\u00ednea de emergencias 9-1-1 con motivo del D\u00eda de los Santos Inocentes.<\/p>\n\n\n\n<p>Como parte de su funci\u00f3n preventiva y del fomento al uso responsable de este n\u00famero \u00fanico para reportar emergencias de salud, seguridad y protecci\u00f3n civil, la SSPC Sonora mantiene de manera permanente el programa \u201cUsa bien el 9-1-1\u201d.<\/p>\n\n\n\n<p>Cabe recordar que durante 2024 se contabilizaron m\u00e1s de 800 mil llamadas improcedentes, por lo que se trabaja durante todo el a\u00f1o en la difusi\u00f3n de recomendaciones para realizar reportes de manera correcta y oportuna.<\/p>\n\n\n\n<p>La finalidad de la estrategia \u201cUsa bien el 9-1-1\u201d es evitar que se obstaculice la atenci\u00f3n a la ciudadan\u00eda que realmente requiere el servicio que brinda esta l\u00ednea, as\u00ed como generar conciencia de que, ante una emergencia, cada segundo cuenta.<\/p>\n\n\n\n<p>En el marco de la celebraci\u00f3n del D\u00eda de los Santos Inocentes, la SSPC Sonora exhort\u00f3 a las familias a dialogar con sus hijas e hijos sobre el impacto que tiene realizar llamadas de broma al 9-1-1 y explicarles la importancia de su funci\u00f3n.<\/p>\n\n\n\n<p class=\"has-text-align-center\"><img loading=\"lazy\" decoding=\"async\" width=\"500\" height=\"503\" class=\"wp-image-25926\" style=\"width: 500px;\" src=\"https:\/\/elreporterodelacomunidad.com\/wp-content\/uploads\/2025\/12\/988e0578-e395-4692-a966-b73b05e8813b-1.jpg\" alt=\"\" srcset=\"https:\/\/elreporterodelacomunidad.com\/wp-content\/uploads\/2025\/12\/988e0578-e395-4692-a966-b73b05e8813b-1.jpg 1590w, https:\/\/elreporterodelacomunidad.com\/wp-content\/uploads\/2025\/12\/988e0578-e395-4692-a966-b73b05e8813b-1-298x300.jpg 298w, https:\/\/elreporterodelacomunidad.com\/wp-content\/uploads\/2025\/12\/988e0578-e395-4692-a966-b73b05e8813b-1-1018x1024.jpg 1018w, https:\/\/elreporterodelacomunidad.com\/wp-content\/uploads\/2025\/12\/988e0578-e395-4692-a966-b73b05e8813b-1-150x150.jpg 150w, https:\/\/elreporterodelacomunidad.com\/wp-content\/uploads\/2025\/12\/988e0578-e395-4692-a966-b73b05e8813b-1-768x773.jpg 768w, https:\/\/elreporterodelacomunidad.com\/wp-content\/uploads\/2025\/12\/988e0578-e395-4692-a966-b73b05e8813b-1-1526x1536.jpg 1526w, https:\/\/elreporterodelacomunidad.com\/wp-content\/uploads\/2025\/12\/988e0578-e395-4692-a966-b73b05e8813b-1-75x75.jpg 75w, https:\/\/elreporterodelacomunidad.com\/wp-content\/uploads\/2025\/12\/988e0578-e395-4692-a966-b73b05e8813b-1-750x755.jpg 750w, https:\/\/elreporterodelacomunidad.com\/wp-content\/uploads\/2025\/12\/988e0578-e395-4692-a966-b73b05e8813b-1-1140x1147.jpg 1140w\" sizes=\"auto, (max-width: 500px) 100vw, 500px\" \/><\/p>\n","protected":false},"excerpt":{"rendered":"<p>Hermosillo, Sonora; 26 de diciembre de 2025.\u2013 La Secretar\u00eda de Seguridad y Protecci\u00f3n Ciudadana (SSPC), del Gobierno de Sonora, hizo un llamado a madres y padres de familia para vigilar que las y los menores de edad no hagan un mal uso de la l\u00ednea de emergencias 9-1-1 con motivo del D\u00eda de los Santos [&hellip;]<\/p>\n","protected":false},"author":1,"featured_media":25925,"comment_status":"open","ping_status":"open","sticky":false,"template":"","format":"standard","meta":{"footnotes":""},"categories":[36],"tags":[],"class_list":["post-25924","post","type-post","status-publish","format-standard","has-post-thumbnail","hentry","category-educacion"],"_links":{"self":[{"href":"https:\/\/elreporterodelacomunidad.com\/index.php\/wp-json\/wp\/v2\/posts\/25924","targetHints":{"allow":["GET"]}}],"collection":[{"href":"https:\/\/elreporterodelacomunidad.com\/index.php\/wp-json\/wp\/v2\/posts"}],"about":[{"href":"https:\/\/elreporterodelacomunidad.com\/index.php\/wp-json\/wp\/v2\/types\/post"}],"author":[{"embeddable":true,"href":"https:\/\/elreporterodelacomunidad.com\/index.php\/wp-json\/wp\/v2\/users\/1"}],"replies":[{"embeddable":true,"href":"https:\/\/elreporterodelacomunidad.com\/index.php\/wp-json\/wp\/v2\/comments?post=25924"}],"version-history":[{"count":1,"href":"https:\/\/elreporterodelacomunidad.com\/index.php\/wp-json\/wp\/v2\/posts\/25924\/revisions"}],"predecessor-version":[{"id":25927,"href":"https:\/\/elreporterodelacomunidad.com\/index.php\/wp-json\/wp\/v2\/posts\/25924\/revisions\/25927"}],"wp:featuredmedia":[{"embeddable":true,"href":"https:\/\/elreporterodelacomunidad.com\/index.php\/wp-json\/wp\/v2\/media\/25925"}],"wp:attachment":[{"href":"https:\/\/elreporterodelacomunidad.com\/index.php\/wp-json\/wp\/v2\/media?parent=25924"}],"wp:term":[{"taxonomy":"category","embeddable":true,"href":"https:\/\/elreporterodelacomunidad.com\/index.php\/wp-json\/wp\/v2\/categories?post=25924"},{"taxonomy":"post_tag","embeddable":true,"href":"https:\/\/elreporterodelacomunidad.com\/index.php\/wp-json\/wp\/v2\/tags?post=25924"}],"curies":[{"name":"wp","href":"https:\/\/api.w.org\/{rel}","templated":true}]}}