{"id":25917,"date":"2025-12-26T15:47:49","date_gmt":"2025-12-26T22:47:49","guid":{"rendered":"https:\/\/elreporterodelacomunidad.com\/?p=25917"},"modified":"2025-12-26T15:47:54","modified_gmt":"2025-12-26T22:47:54","slug":"estudiantes-de-la-normal-del-estado-fortalecen-su-formacion-integral-con-huerto-escolar-creson","status":"publish","type":"post","link":"https:\/\/elreporterodelacomunidad.com\/index.php\/2025\/12\/26\/estudiantes-de-la-normal-del-estado-fortalecen-su-formacion-integral-con-huerto-escolar-creson\/","title":{"rendered":"Estudiantes de la Normal del Estado fortalecen su formaci\u00f3n integral con huerto escolar: Creson"},"content":{"rendered":"\n<p>Hermosillo, Sonora; 26 de diciembre de 2025.\u2013 Con la creaci\u00f3n, mantenimiento y difusi\u00f3n de un huerto escolar, estudiantes de la Benem\u00e9rita y Centenaria Escuela Normal del Estado de Sonora \u201cProf. Jes\u00fas Manuel Bustamante Mungarro\u201d (Bycenes) fortalecen su formaci\u00f3n docente y promueven el cuidado del medio ambiente, con el respaldo del Gobierno de Sonora.<\/p>\n\n\n\n<p>Alrededor de 160 alumnas y alumnos de quinto semestre de las licenciaturas en Educaci\u00f3n Preescolar y Primaria desarrollaron este espacio dentro de la instituci\u00f3n, donde, tras varios meses de trabajo colaborativo, obtuvieron las primeras cosechas de r\u00e1banos, calabaza y ar\u00fagula.<\/p>\n\n\n\n<p>El docente encargado del proyecto, Ad\u00e1n Enrique M\u00e9ndez Melcher, explic\u00f3 que el alumnado se organiz\u00f3 en cuatro comisiones: composta, siembra, riego y difusi\u00f3n, con el objetivo de convertir el huerto en un laboratorio vivo para el aprendizaje sobre la naturaleza y la alimentaci\u00f3n saludable.<\/p>\n\n\n\n<p>Destac\u00f3 que la finalidad es que las y los futuros docentes transmitan estos conocimientos a las nuevas generaciones y se conviertan en promotores de la educaci\u00f3n ambiental desde las aulas.<\/p>\n\n\n\n<p>\u201cBuscamos que desarrollen proyectos innovadores, pero tambi\u00e9n con impacto social, que puedan replicarse en sus escuelas de pr\u00e1ctica\u201d, se\u00f1al\u00f3.<\/p>\n\n\n\n<p>Como primera acci\u00f3n de vinculaci\u00f3n, la instituci\u00f3n organiz\u00f3 una feria educativa con la participaci\u00f3n de 100 ni\u00f1as y ni\u00f1os de nivel primaria, quienes recorrieron el huerto y participaron en juegos y din\u00e1micas orientadas al aprendizaje sobre el cuidado del ambiente.<\/p>\n","protected":false},"excerpt":{"rendered":"<p>Hermosillo, Sonora; 26 de diciembre de 2025.\u2013 Con la creaci\u00f3n, mantenimiento y difusi\u00f3n de un huerto escolar, estudiantes de la Benem\u00e9rita y Centenaria Escuela Normal del Estado de Sonora \u201cProf. Jes\u00fas Manuel Bustamante Mungarro\u201d (Bycenes) fortalecen su formaci\u00f3n docente y promueven el cuidado del medio ambiente, con el respaldo del Gobierno de Sonora. Alrededor de [&hellip;]<\/p>\n","protected":false},"author":1,"featured_media":25918,"comment_status":"open","ping_status":"open","sticky":false,"template":"","format":"standard","meta":{"footnotes":""},"categories":[36],"tags":[],"class_list":["post-25917","post","type-post","status-publish","format-standard","has-post-thumbnail","hentry","category-educacion"],"_links":{"self":[{"href":"https:\/\/elreporterodelacomunidad.com\/index.php\/wp-json\/wp\/v2\/posts\/25917","targetHints":{"allow":["GET"]}}],"collection":[{"href":"https:\/\/elreporterodelacomunidad.com\/index.php\/wp-json\/wp\/v2\/posts"}],"about":[{"href":"https:\/\/elreporterodelacomunidad.com\/index.php\/wp-json\/wp\/v2\/types\/post"}],"author":[{"embeddable":true,"href":"https:\/\/elreporterodelacomunidad.com\/index.php\/wp-json\/wp\/v2\/users\/1"}],"replies":[{"embeddable":true,"href":"https:\/\/elreporterodelacomunidad.com\/index.php\/wp-json\/wp\/v2\/comments?post=25917"}],"version-history":[{"count":1,"href":"https:\/\/elreporterodelacomunidad.com\/index.php\/wp-json\/wp\/v2\/posts\/25917\/revisions"}],"predecessor-version":[{"id":25919,"href":"https:\/\/elreporterodelacomunidad.com\/index.php\/wp-json\/wp\/v2\/posts\/25917\/revisions\/25919"}],"wp:featuredmedia":[{"embeddable":true,"href":"https:\/\/elreporterodelacomunidad.com\/index.php\/wp-json\/wp\/v2\/media\/25918"}],"wp:attachment":[{"href":"https:\/\/elreporterodelacomunidad.com\/index.php\/wp-json\/wp\/v2\/media?parent=25917"}],"wp:term":[{"taxonomy":"category","embeddable":true,"href":"https:\/\/elreporterodelacomunidad.com\/index.php\/wp-json\/wp\/v2\/categories?post=25917"},{"taxonomy":"post_tag","embeddable":true,"href":"https:\/\/elreporterodelacomunidad.com\/index.php\/wp-json\/wp\/v2\/tags?post=25917"}],"curies":[{"name":"wp","href":"https:\/\/api.w.org\/{rel}","templated":true}]}}